{"id":203,"date":"2007-10-19T11:15:42","date_gmt":"2007-10-19T10:15:42","guid":{"rendered":"http:\/\/www.cdlpv.org\/dtl\/?p=203"},"modified":"2007-10-19T11:15:42","modified_gmt":"2007-10-19T10:15:42","slug":"toponimia-de-la-catalunya-del-nord","status":"publish","type":"post","link":"https:\/\/www.cdlpv.org\/dtl\/2007\/10\/19\/toponimia-de-la-catalunya-del-nord\/","title":{"rendered":"Topon\u00edmia de la Catalunya del Nord"},"content":{"rendered":"<p>Segons informa <a href=\"http:\/\/www2.iec.cat\/comunicacio\/NomenclatorCatNord.htm\" target=\"_blank\">l&#8217;Institut d&#8217;Estudis Catalans<\/a> <span class=\"versaleta\">(iec)<\/span>, han publicat una obra de refer\u00e8ncia pel que fa a la topon\u00edmia de la Catalunya del Nord. La podeu trobar en el web de la instituci\u00f3 acad\u00e8mica (en format <a href=\"http:\/\/www.iec.cat\/gc\/digitalAssets\/9590_NomenclatorCatNord.pdf\" target=\"_blank\">PDF<\/a>): <em>Nomencl\u00e0tor topon\u00edmic de la Catalunya del Nord<\/em>.<\/p>\n<p>Fins ara, a m\u00e9s de refer\u00e8ncies disperses, cal assenyalar que hi havia la <a href=\"http:\/\/www.cdlpv.org\/Fitxes\/Textos\/Arxius\/catalunyanord.htm\">fitxa<\/a> corresponent de la CDLPV, on es recollia un important treball d&#8217;Idali Vera Grau que inclo\u00efa els noms de tots els municipis de la Catalunya del Nord (tamb\u00e9 amb les comarques; des d&#8217;esta mateixa fitxa, es pot accedir a un <a href=\"http:\/\/site.voila.fr\/documents\/catnord\/index.html\" target=\"_blank\">mapa topon\u00edmic<\/a> elaborat per J. Becat i Terra Nostra).<\/p>\n<p>La publicaci\u00f3 del nomencl\u00e0tor de l&#8217;<span class=\"versaleta\">iec<\/span> (elaborat per Joan Peytav\u00ed, Patrici Pojada &mdash;topon\u00edmia occitana&mdash; i Manuel Figuera &mdash;Alta Cerdanya&mdash;) ens permet, per tant, revisar i ampliar les dades de qu\u00e8 dispos\u00e0vem sobre la topon\u00edmia de la Catalunya del Nord, fet que \u00e9s una molt bona not\u00edcia.<\/p>\n","protected":false},"excerpt":{"rendered":"<p>Segons informa l&#8217;Institut d&#8217;Estudis Catalans (iec), han publicat una obra de refer\u00e8ncia pel que fa a la topon\u00edmia de la Catalunya del Nord. La podeu trobar en el web de la instituci\u00f3 acad\u00e8mica (en format PDF): Nomencl\u00e0tor topon\u00edmic de la Catalunya del Nord. Fins ara, a m\u00e9s de refer\u00e8ncies disperses, cal assenyalar que hi havia [&hellip;]<\/p>\n","protected":false},"author":2,"featured_media":0,"comment_status":"open","ping_status":"open","sticky":false,"template":"","format":"standard","meta":{"footnotes":""},"categories":[10,1,46,17,32],"tags":[372],"class_list":["post-203","post","type-post","status-publish","format-standard","hentry","category-formacio","category-general","category-iec","category-normativa","category-toponimia","tag-pobles"],"_links":{"self":[{"href":"https:\/\/www.cdlpv.org\/dtl\/wp-json\/wp\/v2\/posts\/203","targetHints":{"allow":["GET"]}}],"collection":[{"href":"https:\/\/www.cdlpv.org\/dtl\/wp-json\/wp\/v2\/posts"}],"about":[{"href":"https:\/\/www.cdlpv.org\/dtl\/wp-json\/wp\/v2\/types\/post"}],"author":[{"embeddable":true,"href":"https:\/\/www.cdlpv.org\/dtl\/wp-json\/wp\/v2\/users\/2"}],"replies":[{"embeddable":true,"href":"https:\/\/www.cdlpv.org\/dtl\/wp-json\/wp\/v2\/comments?post=203"}],"version-history":[{"count":0,"href":"https:\/\/www.cdlpv.org\/dtl\/wp-json\/wp\/v2\/posts\/203\/revisions"}],"wp:attachment":[{"href":"https:\/\/www.cdlpv.org\/dtl\/wp-json\/wp\/v2\/media?parent=203"}],"wp:term":[{"taxonomy":"category","embeddable":true,"href":"https:\/\/www.cdlpv.org\/dtl\/wp-json\/wp\/v2\/categories?post=203"},{"taxonomy":"post_tag","embeddable":true,"href":"https:\/\/www.cdlpv.org\/dtl\/wp-json\/wp\/v2\/tags?post=203"}],"curies":[{"name":"wp","href":"https:\/\/api.w.org\/{rel}","templated":true}]}}