{"id":2027,"date":"2011-03-14T12:42:34","date_gmt":"2011-03-14T11:42:34","guid":{"rendered":"http:\/\/www.cdlpv.org\/dtl\/?p=2027"},"modified":"2011-03-14T12:42:34","modified_gmt":"2011-03-14T11:42:34","slug":"comunicacions-per-a-la-scaterm","status":"publish","type":"post","link":"https:\/\/www.cdlpv.org\/dtl\/2011\/03\/14\/comunicacions-per-a-la-scaterm\/","title":{"rendered":"Comunicacions per a la Scaterm"},"content":{"rendered":"<p>La Scaterm ens envia la informaci\u00f3 seg\u00fcent:<\/p>\n<blockquote>\n<h2>IX Jornada de Terminologia<\/h2>\n<h3>Terminologia i llenguatge jur\u00eddic<\/h3>\n<p>18 de maig de 2011<br \/>\nUniversitat Aut\u00f2noma de Barcelona<\/p>\n<p><strong>Crida per a la presentaci\u00f3 de comunicacions<\/strong><\/p>\n<p>La Societat Catalana de Terminologia (<a href=\"http:\/\/scaterm.iec.cat\/\" target=\"_blank\">Scaterm<\/a>), filial de l\u2019Institut d\u2019Estudis Catalans, i la Universitat Aut\u00f2noma de Barcelona us conviden a participar activament en la IX Jornada de la SCATERM, titulada \u00abTerminologia i llenguatge jur\u00eddic\u00bb, que tindr\u00e0 lloc a la Universitat Aut\u00f2noma de Barcelona el dia 18 de maig de 2011.<\/p>\n<p>Hi tenen cabuda tots els treballs sobre dret i llenguatge jur\u00eddic que tinguin una vinculaci\u00f3 clara amb la terminologia. En conseq\u00fc\u00e8ncia, aquesta jornada s\u2019adre\u00e7a a professionals especialitzats en terminologia, dret, ci\u00e8ncies jur\u00eddiques, ling\u00fc\u00edstica i altres \u00e0rees afins.<\/p>\n<p><strong>Presentaci\u00f3 de resums (forma i terminis)<\/strong><\/p>\n<ul>\n<li>Els resums, d\u2019un m\u00ednim de tres-centes paraules, s\u2019han de presentar en format de document de text dels programaris <span class=\"versaleta\">MS<\/span> Word (2000 o superior) o Open Office, o b\u00e9 en <span class=\"versaleta\">rtf<\/span>. S\u2019han de lliurar preferentment en catal\u00e0.<\/li>\n<li>Els resums han d\u2019anar acompanyats de les dades seg\u00fcents: <em>a<\/em>) nom de l\u2019autor o autors i organisme de proced\u00e8ncia; <em>b<\/em>) t\u00edtol de la comunicaci\u00f3; <em>c<\/em>) justificaci\u00f3 i inter\u00e8s de la proposta dins l\u2019\u00e0mbit de la jornada, i <em>d<\/em>) dades de contacte (adre\u00e7a postal completa, adre\u00e7a electr\u00f2nica i n\u00famero de tel\u00e8fon). <\/li>\n<li>Els resums i les dades de contacte s\u2019han d\u2019enviar per correu electr\u00f2nic, en un arxiu adjunt, a l\u2019adre\u00e7a electr\u00f2nica <a href=\"mailto:s.llengues.terminologia@uab.cat\" target=\"_blank\"><em>s.llengues.terminologia@uab.cat<\/em><\/a>. L\u2019assumpte del missatge ha de contenir el text seg\u00fcent: \u00abIX Jornada de la SCATERM (proposta de comunicaci\u00f3)\u00bb. El resum es considerar\u00e0 lliurat quan l\u2019autor rebi la confirmaci\u00f3 de recepci\u00f3 per part de l\u2019organitzaci\u00f3.<\/li>\n<li>El termini l\u00edmit de recepci\u00f3 de resums \u00e9s el 15 d\u2019abril de 2011.<\/li>\n<li>Les comunicacions acceptades per a exposar oralment disposaran de quinze a vint minuts per a la presentaci\u00f3. Al final de cada sessi\u00f3 de comunicacions es reservar\u00e0 un espai per al debat.<\/li>\n<li>Una vegada acceptada la comunicaci\u00f3, l\u2019autor o autors han de fer arribar el text definitiu de la comunicaci\u00f3 (d\u2019una extensi\u00f3 aproximada de 15 p\u00e0gines a un espai i mig), en format electr\u00f2nic i en una c\u00f2pia impresa, abans del dia 13 de maig de 2011. Per a poder fer l\u2019exposici\u00f3 p\u00fablica de la comunicaci\u00f3 \u00e9s imprescindible haver complert aquest requisit.<\/li>\n<li>Amb vista a l\u2019edici\u00f3 de les actes de la jornada, el text definitiu ha d\u2019anar acompanyat de les imatges que l\u2019autor o autors vulguin que siguin reprodu\u00efdes juntament amb la comunicaci\u00f3.<\/li>\n<\/ul>\n<p><strong>Criteris de selecci\u00f3<\/strong><\/p>\n<ul>\n<li>L\u2019inter\u00e8s del tema dins l\u2019\u00e0mbit tem\u00e0tic de la jornada.\n<li>El rigor metodol\u00f2gic i l\u2019inter\u00e8s estrat\u00e8gic de la publicaci\u00f3.\n<\/ul>\n<p><strong>Publicaci\u00f3 dels treballs<\/strong><\/p>\n<ul>\n<li>Els autors seleccionats seran informats abans de 2 de maig del 2011.\n<li>Les comunicacions seran publicades en format electr\u00f2nic al lloc web de la SCATERM i en repositoris digitals d\u2019acc\u00e9s obert.\n<\/ul>\n<\/blockquote>\n","protected":false},"excerpt":{"rendered":"<p>La Scaterm ens envia la informaci\u00f3 seg\u00fcent: IX Jornada de Terminologia Terminologia i llenguatge jur\u00eddic 18 de maig de 2011 Universitat Aut\u00f2noma de Barcelona Crida per a la presentaci\u00f3 de comunicacions La Societat Catalana de Terminologia (Scaterm), filial de l\u2019Institut d\u2019Estudis Catalans, i la Universitat Aut\u00f2noma de Barcelona us conviden a participar activament en la [&hellip;]<\/p>\n","protected":false},"author":2,"featured_media":0,"comment_status":"open","ping_status":"open","sticky":false,"template":"","format":"standard","meta":{"footnotes":""},"categories":[2,1,30],"tags":[286,431],"class_list":["post-2027","post","type-post","status-publish","format-standard","hentry","category-comunicacio","category-general","category-terminologia","tag-llenguatge-juridic","tag-scaterm"],"_links":{"self":[{"href":"https:\/\/www.cdlpv.org\/dtl\/wp-json\/wp\/v2\/posts\/2027","targetHints":{"allow":["GET"]}}],"collection":[{"href":"https:\/\/www.cdlpv.org\/dtl\/wp-json\/wp\/v2\/posts"}],"about":[{"href":"https:\/\/www.cdlpv.org\/dtl\/wp-json\/wp\/v2\/types\/post"}],"author":[{"embeddable":true,"href":"https:\/\/www.cdlpv.org\/dtl\/wp-json\/wp\/v2\/users\/2"}],"replies":[{"embeddable":true,"href":"https:\/\/www.cdlpv.org\/dtl\/wp-json\/wp\/v2\/comments?post=2027"}],"version-history":[{"count":0,"href":"https:\/\/www.cdlpv.org\/dtl\/wp-json\/wp\/v2\/posts\/2027\/revisions"}],"wp:attachment":[{"href":"https:\/\/www.cdlpv.org\/dtl\/wp-json\/wp\/v2\/media?parent=2027"}],"wp:term":[{"taxonomy":"category","embeddable":true,"href":"https:\/\/www.cdlpv.org\/dtl\/wp-json\/wp\/v2\/categories?post=2027"},{"taxonomy":"post_tag","embeddable":true,"href":"https:\/\/www.cdlpv.org\/dtl\/wp-json\/wp\/v2\/tags?post=2027"}],"curies":[{"name":"wp","href":"https:\/\/api.w.org\/{rel}","templated":true}]}}