{"id":2024,"date":"2011-03-10T08:00:48","date_gmt":"2011-03-10T07:00:48","guid":{"rendered":"http:\/\/www.cdlpv.org\/dtl\/?p=2024"},"modified":"2011-03-10T08:00:48","modified_gmt":"2011-03-10T07:00:48","slug":"preguntes-sobre-legislacio-linguistica","status":"publish","type":"post","link":"https:\/\/www.cdlpv.org\/dtl\/2011\/03\/10\/preguntes-sobre-legislacio-linguistica\/","title":{"rendered":"Preguntes sobre legislaci\u00f3 ling\u00fc\u00edstica"},"content":{"rendered":"<p>La Generalita de Catalunya ha recopilat en un <a href=\"http:\/\/www20.gencat.cat\/portal\/site\/Llengcat\/menuitem.254146892fb371e7a129d410b0c0e1a0\/?vgnextoid=9cab929450071110VgnVCM1000000b0c1e0aRCRD&amp;vgnextchannel=9cab929450071110VgnVCM1000000b0c1e0aRCRD&amp;vgnextfmt=default#17\" target=\"_blank\">web<\/a> les preguntes m\u00e9s freq\u00fcents relacionades amb la legislaci\u00f3 ling\u00fc\u00edstica catalana:<\/p>\n<blockquote>\n<ul>\n<li> Les empreses tenen obligacions ling\u00fc\u00edstiques?<\/li>\n<li> La persona consumidora t\u00e9 dret a ser atesa en catal\u00e0? Qu\u00e8 vol dir l&#8217;expressi\u00f3 &#8220;ser at\u00e8s&#8221;?<\/li>\n<li> Quins r\u00e8tols han de ser almenys en catal\u00e0?<\/li>\n<li> Quins documents han de ser almenys en catal\u00e0?<\/li>\n<li> Les empreses que etiqueten productes, ho han de fer en catal\u00e0?<\/li>\n<li> Les empreses estan obligades a disposar de la seva p\u00e0gina web en catal\u00e0?<\/li>\n<li> Les persones consumidores tenen dret a rebre les informacions necess\u00e0ries de productes o serveis en llengua catalana i de manera immediata?<\/li>\n<li> Hi ha obligacions espec\u00edfiques per a determinats tipus d\u2019empreses?<\/li>\n<li> Els bars i restaurants, quines obligacions espec\u00edfiques tenen?<\/li>\n<li> Els allotjaments tur\u00edstics i les ag\u00e8ncies de viatges, quines obligacions espec\u00edfiques tenen?<\/li>\n<li> Els bancs, les caixes d\u2019estalvi i les companyies d\u2019assegurances, quines obligacions espec\u00edfiques tenen?<\/li>\n<li> Puc fer una asseguran\u00e7a en catal\u00e0?<\/li>\n<li> Quines obligacions ling\u00fc\u00edstiques tenen els administradors de finques?<\/li>\n<li> Quines altres obligacions tenen les empreses concertades o subvencionades?<\/li>\n<li> Quines altres obligacions tenen les empreses de serveis p\u00fablics o b\u00e0sics (aigua, gas, electricitat, transports, telefonia, etc.)?<\/li>\n<li> Quines altres obligacions tenen les empreses p\u00fabliques i les concession\u00e0ries que gestionen o exploten un servei concedit?<\/li>\n<li> Quines obligacions ling\u00fc\u00edstiques tenen les corporacions de dret p\u00fablic?<\/li>\n<li> Es pot catalanitzar el nom d\u2019una societat o d\u2019una empresa?<\/li>\n<li> Quina informaci\u00f3 ha d\u2019estar disponible en catal\u00e0 a l\u2019empresa on treballo?<\/li>\n<li> Puc fer servir el catal\u00e0 en un jutjat?<\/li>\n<li> Puc fer l\u2019assentament en un registre p\u00fablic en catal\u00e0?<\/li>\n<li> Els documents p\u00fablics (escriptures, testaments, etc.), es poden redactar en catal\u00e0?<\/li>\n<li> Puc catalanitzar-me el nom o el cognom?<\/li>\n<li> Si estic estudiant a la universitat, quins drets ling\u00fc\u00edstics tinc?<\/li>\n<li> Puc examinar-me en catal\u00e0 del carnet de conduir?<\/li>\n<\/ul>\n<\/blockquote>\n<p>Podeu  provar a trobar alguna cosa semblant en el web de la Generalitat valenciana, on la primera pregunta seria, sense dubte, \u00ab\u00bfper qu\u00e8 la Generalitat valenciana incomplix sistem\u00e0tica les seues obligacions ling\u00fc\u00edstiques?\u00bb&#8230; Tanmateix, no cal que regireu massa el seu <a href=\"http:\/\/www.edu.gva.es\/polin\/val\/legislacio_linguistica.html#\" target=\"_blank\">web<\/a>, perqu\u00e8 no hi trobareu res de semblant, sin\u00f3 m\u00e9s aviat una buidor molt eloq\u00fcent:<\/p>\n<p><a href=\"http:\/\/www.cdlpv.org\/dtl\/wp-content\/uploads\/2011\/03\/DL-GV1.png\"><img loading=\"lazy\" decoding=\"async\" src=\"http:\/\/www.cdlpv.org\/dtl\/wp-content\/uploads\/2011\/03\/DL-GV1-300x151.png\" alt=\"\" title=\"DL-GV\" width=\"300\" height=\"151\" class=\"aligncenter size-medium wp-image-2023\" srcset=\"https:\/\/www.cdlpv.org\/dtl\/wp-content\/uploads\/2011\/03\/DL-GV1-300x151.png 300w, https:\/\/www.cdlpv.org\/dtl\/wp-content\/uploads\/2011\/03\/DL-GV1-150x76.png 150w, https:\/\/www.cdlpv.org\/dtl\/wp-content\/uploads\/2011\/03\/DL-GV1-400x202.png 400w, https:\/\/www.cdlpv.org\/dtl\/wp-content\/uploads\/2011\/03\/DL-GV1.png 969w\" sizes=\"auto, (max-width: 300px) 100vw, 300px\" \/><\/a><\/p>\n","protected":false},"excerpt":{"rendered":"<p>La Generalita de Catalunya ha recopilat en un web les preguntes m\u00e9s freq\u00fcents relacionades amb la legislaci\u00f3 ling\u00fc\u00edstica catalana: Les empreses tenen obligacions ling\u00fc\u00edstiques? La persona consumidora t\u00e9 dret a ser atesa en catal\u00e0? Qu\u00e8 vol dir l&#8217;expressi\u00f3 &#8220;ser at\u00e8s&#8221;? Quins r\u00e8tols han de ser almenys en catal\u00e0? Quins documents han de ser almenys en [&hellip;]<\/p>\n","protected":false},"author":2,"featured_media":0,"comment_status":"open","ping_status":"open","sticky":false,"template":"","format":"standard","meta":{"footnotes":""},"categories":[3,4,1,19,23,26],"tags":[223,224,274],"class_list":["post-2024","post","type-post","status-publish","format-standard","hentry","category-documentacio","category-dret","category-general","category-politica","category-reglaments-linguistics","category-serveis-linguistics","tag-generalitat-de-catalunya","tag-generalitat-valenciana","tag-legislacio"],"_links":{"self":[{"href":"https:\/\/www.cdlpv.org\/dtl\/wp-json\/wp\/v2\/posts\/2024","targetHints":{"allow":["GET"]}}],"collection":[{"href":"https:\/\/www.cdlpv.org\/dtl\/wp-json\/wp\/v2\/posts"}],"about":[{"href":"https:\/\/www.cdlpv.org\/dtl\/wp-json\/wp\/v2\/types\/post"}],"author":[{"embeddable":true,"href":"https:\/\/www.cdlpv.org\/dtl\/wp-json\/wp\/v2\/users\/2"}],"replies":[{"embeddable":true,"href":"https:\/\/www.cdlpv.org\/dtl\/wp-json\/wp\/v2\/comments?post=2024"}],"version-history":[{"count":0,"href":"https:\/\/www.cdlpv.org\/dtl\/wp-json\/wp\/v2\/posts\/2024\/revisions"}],"wp:attachment":[{"href":"https:\/\/www.cdlpv.org\/dtl\/wp-json\/wp\/v2\/media?parent=2024"}],"wp:term":[{"taxonomy":"category","embeddable":true,"href":"https:\/\/www.cdlpv.org\/dtl\/wp-json\/wp\/v2\/categories?post=2024"},{"taxonomy":"post_tag","embeddable":true,"href":"https:\/\/www.cdlpv.org\/dtl\/wp-json\/wp\/v2\/tags?post=2024"}],"curies":[{"name":"wp","href":"https:\/\/api.w.org\/{rel}","templated":true}]}}