{"id":2021,"date":"2011-03-09T13:19:11","date_gmt":"2011-03-09T12:19:11","guid":{"rendered":"http:\/\/www.cdlpv.org\/dtl\/?p=2021"},"modified":"2017-02-09T18:25:25","modified_gmt":"2017-02-09T17:25:25","slug":"documentacio-administrativa","status":"publish","type":"post","link":"https:\/\/www.cdlpv.org\/dtl\/2011\/03\/09\/documentacio-administrativa\/","title":{"rendered":"Documentaci\u00f3 administrativa"},"content":{"rendered":"<p>L&#8217;Acad\u00e8mia Valenciana de la Llengua ens envia la informaci\u00f3 seg\u00fcent:<\/p>\n<blockquote><p>L\u2019Acad\u00e8mia Valenciana de la Llengua acaba de publicar un <em>Manual de documentaci\u00f3 administrativa<\/em> que, a m\u00e9s de diversos models de documents administratius d\u2019\u00fas freq\u00fcent, incorpora moltes altres refer\u00e8ncies ling\u00fc\u00edstiques complement\u00e0ries (com ara l\u2019\u00fas de les maj\u00fascules, les abreviacions, els signes de puntuaci\u00f3, els tipus de lletra, els criteris de traducci\u00f3, etc.). Esperant que siga del seu inter\u00e9s, si vol pot descarregar-se&#8217;l fent clic <a href=\"http:\/\/www.avl.gva.es\/img\/EdicionsPublicacions\/Publicacions\/MANUALS_01_AVL.pdf\" target=\"_blank\">ac\u00ed<\/a>.<\/p>\n<p>Atentament,<\/p>\n<p>Ascensi\u00f3 Figueres G\u00f3rriz<br \/>\nPresidenta de l\u2019Acad\u00e8mia Valenciana de la Llengua<\/p><\/blockquote>\n","protected":false},"excerpt":{"rendered":"<p>L&#8217;Acad\u00e8mia Valenciana de la Llengua ens envia la informaci\u00f3 seg\u00fcent: L\u2019Acad\u00e8mia Valenciana de la Llengua acaba de publicar un Manual de documentaci\u00f3 administrativa que, a m\u00e9s de diversos models de documents administratius d\u2019\u00fas freq\u00fcent, incorpora moltes altres refer\u00e8ncies ling\u00fc\u00edstiques complement\u00e0ries (com ara l\u2019\u00fas de les maj\u00fascules, les abreviacions, els signes de puntuaci\u00f3, els tipus de [&hellip;]<\/p>\n","protected":false},"author":2,"featured_media":0,"comment_status":"open","ping_status":"open","sticky":false,"template":"","format":"standard","meta":{"footnotes":""},"categories":[38,528,3,1,26],"tags":[130,285],"class_list":["post-2021","post","type-post","status-publish","format-standard","hentry","category-avl","category-criteris","category-documentacio","category-general","category-serveis-linguistics","tag-criteris","tag-llenguatge-administratiu"],"_links":{"self":[{"href":"https:\/\/www.cdlpv.org\/dtl\/wp-json\/wp\/v2\/posts\/2021","targetHints":{"allow":["GET"]}}],"collection":[{"href":"https:\/\/www.cdlpv.org\/dtl\/wp-json\/wp\/v2\/posts"}],"about":[{"href":"https:\/\/www.cdlpv.org\/dtl\/wp-json\/wp\/v2\/types\/post"}],"author":[{"embeddable":true,"href":"https:\/\/www.cdlpv.org\/dtl\/wp-json\/wp\/v2\/users\/2"}],"replies":[{"embeddable":true,"href":"https:\/\/www.cdlpv.org\/dtl\/wp-json\/wp\/v2\/comments?post=2021"}],"version-history":[{"count":1,"href":"https:\/\/www.cdlpv.org\/dtl\/wp-json\/wp\/v2\/posts\/2021\/revisions"}],"predecessor-version":[{"id":3046,"href":"https:\/\/www.cdlpv.org\/dtl\/wp-json\/wp\/v2\/posts\/2021\/revisions\/3046"}],"wp:attachment":[{"href":"https:\/\/www.cdlpv.org\/dtl\/wp-json\/wp\/v2\/media?parent=2021"}],"wp:term":[{"taxonomy":"category","embeddable":true,"href":"https:\/\/www.cdlpv.org\/dtl\/wp-json\/wp\/v2\/categories?post=2021"},{"taxonomy":"post_tag","embeddable":true,"href":"https:\/\/www.cdlpv.org\/dtl\/wp-json\/wp\/v2\/tags?post=2021"}],"curies":[{"name":"wp","href":"https:\/\/api.w.org\/{rel}","templated":true}]}}