{"id":202,"date":"2007-10-18T18:29:14","date_gmt":"2007-10-18T17:29:14","guid":{"rendered":"http:\/\/www.cdlpv.org\/dtl\/?p=202"},"modified":"2007-10-18T18:29:14","modified_gmt":"2007-10-18T17:29:14","slug":"el-mercat-cultural-del-catala","status":"publish","type":"post","link":"https:\/\/www.cdlpv.org\/dtl\/2007\/10\/18\/el-mercat-cultural-del-catala\/","title":{"rendered":"El mercat cultural del catal\u00e0"},"content":{"rendered":"<p>El mercat del catal\u00e0 sobreviu, per\u00f2 patix. Les conclusions no s\u00f3n sorprenents, per\u00f2 l&#8217;estudi que ha presentat Fundacc, aporta bases per a con\u00e9ixer realment els h\u00e0bits de consum i les q\u00fcestions que cal millorar en la producci\u00f3 en catal\u00e0. Sense dubte, deu ser una eina interessant per a t\u00e8cnics ling\u00fc\u00edstics i per a qualsevol persona interessada en participar en eixe mercat.<\/p>\n<p>Hem trobat la not\u00edcia en Vilaweb (<a href=\"http:\/\/www.vilaweb.cat\/www\/noticia?p_idcmp=2594689\" target=\"_blank\">18.10.2007<\/a>):<\/p>\n<blockquote>\n<h2>Salvador Card\u00fas: &#8216;Els joves no tenen milit\u00e0ncia ling\u00fc\u00edstica&#8217;<\/h2>\n<h3>El soci\u00f2leg analitza l&#8217;estudi sobre consum cultural dels joves<\/h3>\n<p>El primer estudi de consum cultural i medi\u00e0tic de tots els territoris de parla catalana es va presentar ahir. En aquest <a href=\"http:\/\/www.vilaweb.tv\/?video=4986\" target=\"_blank\">v\u00eddeo<\/a> el president de <a href=\"http:\/\/www.fundacc.org\/\" target=\"_blank\">Fundacc<\/a>, fundaci\u00f3 que l&#8217;ha dut a terme, n\u2019analitza els resultats. Se&#8217;n destaca que els joves consumeixen menys cultura en catal\u00e0 que no pas els adults, tot i ser la primera generaci\u00f3 educada en l&#8217;idioma propi. Entre m\u00e9s raons, Card\u00fas al\u00b7lega manca d&#8217;oferta que els interessi.<\/p>\n<p>M\u00e9s dades que criden l&#8217;atenci\u00f3: dels m\u00e9s grans de catorze anys, m\u00e9s de dos milions no llegeixen mai diaris, m\u00e9s de set no van al cinema i m\u00e9s de sis no fan servir internet.\n<\/p><\/blockquote>\n","protected":false},"excerpt":{"rendered":"<p>El mercat del catal\u00e0 sobreviu, per\u00f2 patix. Les conclusions no s\u00f3n sorprenents, per\u00f2 l&#8217;estudi que ha presentat Fundacc, aporta bases per a con\u00e9ixer realment els h\u00e0bits de consum i les q\u00fcestions que cal millorar en la producci\u00f3 en catal\u00e0. Sense dubte, deu ser una eina interessant per a t\u00e8cnics ling\u00fc\u00edstics i per a qualsevol persona [&hellip;]<\/p>\n","protected":false},"author":2,"featured_media":0,"comment_status":"open","ping_status":"open","sticky":false,"template":"","format":"standard","meta":{"footnotes":""},"categories":[2,1,47],"tags":[],"class_list":["post-202","post","type-post","status-publish","format-standard","hentry","category-comunicacio","category-general","category-planificacio"],"_links":{"self":[{"href":"https:\/\/www.cdlpv.org\/dtl\/wp-json\/wp\/v2\/posts\/202","targetHints":{"allow":["GET"]}}],"collection":[{"href":"https:\/\/www.cdlpv.org\/dtl\/wp-json\/wp\/v2\/posts"}],"about":[{"href":"https:\/\/www.cdlpv.org\/dtl\/wp-json\/wp\/v2\/types\/post"}],"author":[{"embeddable":true,"href":"https:\/\/www.cdlpv.org\/dtl\/wp-json\/wp\/v2\/users\/2"}],"replies":[{"embeddable":true,"href":"https:\/\/www.cdlpv.org\/dtl\/wp-json\/wp\/v2\/comments?post=202"}],"version-history":[{"count":0,"href":"https:\/\/www.cdlpv.org\/dtl\/wp-json\/wp\/v2\/posts\/202\/revisions"}],"wp:attachment":[{"href":"https:\/\/www.cdlpv.org\/dtl\/wp-json\/wp\/v2\/media?parent=202"}],"wp:term":[{"taxonomy":"category","embeddable":true,"href":"https:\/\/www.cdlpv.org\/dtl\/wp-json\/wp\/v2\/categories?post=202"},{"taxonomy":"post_tag","embeddable":true,"href":"https:\/\/www.cdlpv.org\/dtl\/wp-json\/wp\/v2\/tags?post=202"}],"curies":[{"name":"wp","href":"https:\/\/api.w.org\/{rel}","templated":true}]}}