{"id":2016,"date":"2011-03-04T14:36:00","date_gmt":"2011-03-04T13:36:00","guid":{"rendered":"http:\/\/www.cdlpv.org\/dtl\/?p=2016"},"modified":"2011-03-04T14:36:00","modified_gmt":"2011-03-04T13:36:00","slug":"conferencies-sobre-enric-valor","status":"publish","type":"post","link":"https:\/\/www.cdlpv.org\/dtl\/2011\/03\/04\/conferencies-sobre-enric-valor\/","title":{"rendered":"Confer\u00e8ncies sobre Enric Valor"},"content":{"rendered":"<p>Ferran Isabel ens envia a trav\u00e9s d&#8217;Infoz\u00e8fir la informaci\u00f3 seg\u00fcent:<\/p>\n<blockquote>\n<h2>Centenari Enric Valor<\/h2>\n<h3>Confer\u00e8ncies de l&#8217;Institut Interuniversitari de Filologia Valenciana <span class=\"versaleta\">(iifv)<\/span><\/h3>\n<p>Enguany \u00e9s el centenari del naixement d&#8217;Enric Valor; per aquest motiu, l&#8217;Institut Interuniversitari de Filologia Valenciana, amb la co&#320;laboraci\u00f3 de l&#8217;Institut d&#8217;Estudis Catalans i dels departaments de Filologia Catalana de les universitats d&#8217;Alacant i de Val\u00e8ncia, ha organitzat una s\u00e8rie de confer\u00e8ncies a les Universitats de Val\u00e8ncia, Castell\u00f3 i Alacant.<\/p>\n<p><strong>Universitat Jaume I<\/strong><br \/>\nDia: 7 de mar\u00e7 de 2011, dilluns<br \/>\nLloc: Sal\u00f3 de Graus de la Facultat de Ci\u00e8ncies Humanes i Socials (primera planta)<br \/>\n10.45 hores: Inauguraci\u00f3 de la Jornada.<br \/>\n11.00 hores: \u00abAn\u00e0lisi comparativa de les adaptacions infantils de les rondalles d&#8217;Enric Valor\u00bb, per Gemma Lluch (Universitat de Val\u00e8ncia).<br \/>\n12.00 hores: \u00abLa riquesa l\u00e8xica de l&#8217;obra valoriana\u00bb, per Emili Casanova (Universitat de Val\u00e8ncia).<br \/>\n13.00 hores: \u00abDades per a una biografia c\u00edvica d&#8217;Enric Valor\u00bb, per Brauli Montoya (Universitat d&#8217;Alacant).<\/p>\n<p><strong>Universitat d&#8217;Alacant<\/strong><br \/>\nDia: 7 de mar\u00e7 de 2011, dilluns<br \/>\nLloc: Aula Magna de la Facultat de Filosofia i Lletres (Edifici de Filosofia i Lletres II)<br \/>\n11.00 hores: Inauguraci\u00f3 de la Jornada.<br \/>\n11.05 hores: \u00abLa contribuci\u00f3 d&#8217;Enric Valor a l&#8217;est\u00e0ndard catal\u00e0\u00bb, per Maria Conca (Universitat de Val\u00e8ncia).<br \/>\n12.00 hores: \u00abLa narrativa d&#8217;Enric Valor en el marc de la narrativa catalana\u00bb, per Vicent Salvador (Universitat Jaume I).<br \/>\n13.00 hores: \u00abLes rondalles d&#8217;Enric Valor en el marc de la rondall\u00edstica catalana\u00bb, per Carme Oriol (Universitat Rovira i Virgili).<\/p>\n<p><strong>Universitat de Val\u00e8ncia<\/strong><br \/>\nDia: 8 de mar\u00e7 de 2011, dimarts<br \/>\nLloc: Sal\u00f3 de Graus de la Facultat de Filologia, Traducci\u00f3 i Comunicaci\u00f3. Avinguda Blasco Ib\u00e1\u00f1ez, 32, 1r pis<br \/>\n10.45 hores: Inauguraci\u00f3 de la Jornada.<br \/>\n11.00 hores: \u00abEl Cicle de Cassana com a relat de vida\u00bb, per Joaquim Espin\u00f3s (Universitat d&#8217;Alacant).<br \/>\n12.00 hores: \u00abL&#8217;obra gramatical d&#8217;Enric Valor\u00bb, per Francesc P\u00e9rez Morag\u00f3n (Universitat de Val\u00e8ncia).<br \/>\n13.00 hores: \u00abLes rondalles d&#8217;Enric Valor en el marc de la rondall\u00edstica catalana\u00bb, per Carme Oriol (Universitat Rovira i Virgili).<\/p>\n<p><strong>Font:<\/strong> Institut Interuniversitari de Filologia Valenciana\n<\/p><\/blockquote>\n","protected":false},"excerpt":{"rendered":"<p>Ferran Isabel ens envia a trav\u00e9s d&#8217;Infoz\u00e8fir la informaci\u00f3 seg\u00fcent: Centenari Enric Valor Confer\u00e8ncies de l&#8217;Institut Interuniversitari de Filologia Valenciana (iifv) Enguany \u00e9s el centenari del naixement d&#8217;Enric Valor; per aquest motiu, l&#8217;Institut Interuniversitari de Filologia Valenciana, amb la co&#320;laboraci\u00f3 de l&#8217;Institut d&#8217;Estudis Catalans i dels departaments de Filologia Catalana de les universitats d&#8217;Alacant i [&hellip;]<\/p>\n","protected":false},"author":2,"featured_media":0,"comment_status":"open","ping_status":"open","sticky":false,"template":"","format":"standard","meta":{"footnotes":""},"categories":[10,1,14],"tags":[112,500],"class_list":["post-2016","post","type-post","status-publish","format-standard","hentry","category-formacio","category-general","category-jurisprudencia","tag-conferencies","tag-universitats"],"_links":{"self":[{"href":"https:\/\/www.cdlpv.org\/dtl\/wp-json\/wp\/v2\/posts\/2016","targetHints":{"allow":["GET"]}}],"collection":[{"href":"https:\/\/www.cdlpv.org\/dtl\/wp-json\/wp\/v2\/posts"}],"about":[{"href":"https:\/\/www.cdlpv.org\/dtl\/wp-json\/wp\/v2\/types\/post"}],"author":[{"embeddable":true,"href":"https:\/\/www.cdlpv.org\/dtl\/wp-json\/wp\/v2\/users\/2"}],"replies":[{"embeddable":true,"href":"https:\/\/www.cdlpv.org\/dtl\/wp-json\/wp\/v2\/comments?post=2016"}],"version-history":[{"count":0,"href":"https:\/\/www.cdlpv.org\/dtl\/wp-json\/wp\/v2\/posts\/2016\/revisions"}],"wp:attachment":[{"href":"https:\/\/www.cdlpv.org\/dtl\/wp-json\/wp\/v2\/media?parent=2016"}],"wp:term":[{"taxonomy":"category","embeddable":true,"href":"https:\/\/www.cdlpv.org\/dtl\/wp-json\/wp\/v2\/categories?post=2016"},{"taxonomy":"post_tag","embeddable":true,"href":"https:\/\/www.cdlpv.org\/dtl\/wp-json\/wp\/v2\/tags?post=2016"}],"curies":[{"name":"wp","href":"https:\/\/api.w.org\/{rel}","templated":true}]}}