{"id":2006,"date":"2011-03-02T14:19:34","date_gmt":"2011-03-02T13:19:34","guid":{"rendered":"http:\/\/www.cdlpv.org\/dtl\/?p=2006"},"modified":"2011-03-02T14:19:34","modified_gmt":"2011-03-02T13:19:34","slug":"flaixos-sobre-el-cat-i-tallers-per-la-llengua","status":"publish","type":"post","link":"https:\/\/www.cdlpv.org\/dtl\/2011\/03\/02\/flaixos-sobre-el-cat-i-tallers-per-la-llengua\/","title":{"rendered":"Flaixos sobre el .cat i Tallers per la Llengua"},"content":{"rendered":"<p>Els <em>Flaixos d\u2019Actualitat<\/em> (<a href=\"http:\/\/www20.gencat.cat\/portal\/site\/Llengcat\/menuitem.eeaadea1a040d1e7a129d410b0c0e1a0\/?vgnextoid=c0a34fdc65103110VgnVCM1000008d0c1e0aRCRD&#038;vgnextchannel=c0a34fdc65103110VgnVCM1000008d0c1e0aRCRD&#038;vgnextfmt=default\" target=\"_blank\">n\u00fam. 68<\/a>, 01.03.2011) ens envien, entre altres, la informaci\u00f3 seg\u00fcent:<\/p>\n<blockquote>\n<h2>El domini .cat ha complert cinc anys<\/h2>\n<p>Els primers dominis <em>.cat<\/em> es van posar en marxa el febrer del 2006, durant aquests cinc anys ha tingut un creixement continuat d&#8217;entre el 17 i el 18% i actualment t\u00e9 gaireb\u00e9 48.000 registres. El <a href=\"http:\/\/www.domini.cat\/\" target=\"_blank\">domini<\/a> <em>.cat<\/em> ha estat una iniciativa pionera i \u00fanica, fins al moment, per a una cultura i una llengua; \u00e9s per aix\u00f2 que la Fundaci\u00f3 puntCAT \u00e9s membre consultiu d&#8217;<span class=\"versaleta\">eclid<\/span>, l&#8217;associaci\u00f3 de dominis ling\u00fc\u00edstics i culturals d&#8217;Europa.<\/p>\n<h2>Novetat editorial<\/h2>\n<p>Arnan Cabezas, Neus, <em>[et al]:<\/em>  <em>El catal\u00e0 em sedueix. 53 reflexions de Tallers per la Llengua per viure millor en catal\u00e0.<\/em>  [Sabadell]: Edicions 7dquatre, 2011. 208 p. ISBN 978-84-614-7239-0.<br \/>\nRecull d\u2019articles de diversos membres de l\u2019entitat Tallers per la Llengua, publicats en diferents mitjans de comunicaci\u00f3. El llibre mostra les opinions, la metodologia i les estrat\u00e8gies de Tallers per la Llengua orientades a fomentar l&#8217;\u00fas social del catal\u00e0.<br \/>\nTallers per la Llengua  <em>(<a href=\"http:\/\/www.tallers.cat\" target=\"_blank\">http:\/\/www.tallers.cat<\/a>)<\/em> \u00e9s una entitat que forma part del Cens d\u2019entitats de foment de la llengua catalana des de l\u2019any 2008. Treballa per a la normalitzaci\u00f3 de la llengua catalana des d\u2019una perspectiva pedag\u00f2gica i emprant recursos procedents de la psicologia.\n<\/p><\/blockquote>\n","protected":false},"excerpt":{"rendered":"<p>Els Flaixos d\u2019Actualitat (n\u00fam. 68, 01.03.2011) ens envien, entre altres, la informaci\u00f3 seg\u00fcent: El domini .cat ha complert cinc anys Els primers dominis .cat es van posar en marxa el febrer del 2006, durant aquests cinc anys ha tingut un creixement continuat d&#8217;entre el 17 i el 18% i actualment t\u00e9 gaireb\u00e9 48.000 registres. El [&hellip;]<\/p>\n","protected":false},"author":2,"featured_media":0,"comment_status":"open","ping_status":"open","sticky":false,"template":"","format":"standard","meta":{"footnotes":""},"categories":[2,5,1,12],"tags":[206,249,291],"class_list":["post-2006","post","type-post","status-publish","format-standard","hentry","category-comunicacio","category-edicio","category-general","category-informatica","tag-flaixos-dactualitat","tag-internet","tag-llibres"],"_links":{"self":[{"href":"https:\/\/www.cdlpv.org\/dtl\/wp-json\/wp\/v2\/posts\/2006","targetHints":{"allow":["GET"]}}],"collection":[{"href":"https:\/\/www.cdlpv.org\/dtl\/wp-json\/wp\/v2\/posts"}],"about":[{"href":"https:\/\/www.cdlpv.org\/dtl\/wp-json\/wp\/v2\/types\/post"}],"author":[{"embeddable":true,"href":"https:\/\/www.cdlpv.org\/dtl\/wp-json\/wp\/v2\/users\/2"}],"replies":[{"embeddable":true,"href":"https:\/\/www.cdlpv.org\/dtl\/wp-json\/wp\/v2\/comments?post=2006"}],"version-history":[{"count":0,"href":"https:\/\/www.cdlpv.org\/dtl\/wp-json\/wp\/v2\/posts\/2006\/revisions"}],"wp:attachment":[{"href":"https:\/\/www.cdlpv.org\/dtl\/wp-json\/wp\/v2\/media?parent=2006"}],"wp:term":[{"taxonomy":"category","embeddable":true,"href":"https:\/\/www.cdlpv.org\/dtl\/wp-json\/wp\/v2\/categories?post=2006"},{"taxonomy":"post_tag","embeddable":true,"href":"https:\/\/www.cdlpv.org\/dtl\/wp-json\/wp\/v2\/tags?post=2006"}],"curies":[{"name":"wp","href":"https:\/\/api.w.org\/{rel}","templated":true}]}}