{"id":2002,"date":"2011-02-28T13:50:31","date_gmt":"2011-02-28T12:50:31","guid":{"rendered":"http:\/\/www.cdlpv.org\/dtl\/?p=2002"},"modified":"2011-02-28T13:50:31","modified_gmt":"2011-02-28T12:50:31","slug":"ajudes-a-produccions-editorials","status":"publish","type":"post","link":"https:\/\/www.cdlpv.org\/dtl\/2011\/02\/28\/ajudes-a-produccions-editorials\/","title":{"rendered":"Ajudes a produccions editorials"},"content":{"rendered":"<p><a href=\"http:\/\/www.xarxanet.org\/\" target=\"_blank\"><em>Xarxanet.org<\/em><\/a> ens informa d&#8217;una convocat\u00f2ria de subvencions:<\/p>\n<blockquote>\n<h2>Ajuts per al foment de les produccions editorials d\u2019inter\u00e8s local i\/o supramunicipal<\/h2>\n<h3>La Diputaci\u00f3 de Girona posa en marxa la convocat\u00f2ria destinada a donar suport a les associacions no lucratives i als editors.<\/h3>\n<p>Es consideren despeses subvencionables les seg\u00fcents accions:<\/p>\n<ul>\n<li>Llibres: Edicions en llengua catalana de tem\u00e0tica territorial que abastin qualsevol dels camps de les humanitats, les ci\u00e8ncies socials i les ci\u00e8ncies naturals, referides als municipis i a les comarques gironines.\n<li>Publicacions peri\u00f2diques: Revistes d\u2019informaci\u00f3 cultural i general referides als municipis i a les comarques gironines.\n<\/ul>\n<p><strong>Bases de la convocat\u00f2ria<\/strong> <a href=\"https:\/\/ssl4.ddgi.cat\/bopV1\/pdf\/2011\/32\/2011321.pdf\" target=\"_blank\"><span class=\"versaleta\">[pdf]<\/span><\/a><\/p>\n<ul>\n<li>Adre\u00e7at a: Associacions no lucratives i editors(persones f\u00edsiques i jur\u00eddiques)\n<li>Data de publicaci\u00f3: 16\/02\/2011\n<li>Termini de la so&#320;licitud: 22\/03\/2011\n<li>Dotaci\u00f3: L&#8217;import total m\u00e0xim destinat a aquesta convocat\u00f2ria \u00e9s de 75.000,00 \u20ac.\n<\/ul>\n<\/blockquote>\n","protected":false},"excerpt":{"rendered":"<p>Xarxanet.org ens informa d&#8217;una convocat\u00f2ria de subvencions: Ajuts per al foment de les produccions editorials d\u2019inter\u00e8s local i\/o supramunicipal La Diputaci\u00f3 de Girona posa en marxa la convocat\u00f2ria destinada a donar suport a les associacions no lucratives i als editors. Es consideren despeses subvencionables les seg\u00fcents accions: Llibres: Edicions en llengua catalana de tem\u00e0tica territorial [&hellip;]<\/p>\n","protected":false},"author":2,"featured_media":0,"comment_status":"open","ping_status":"open","sticky":false,"template":"","format":"standard","meta":{"footnotes":""},"categories":[1,28],"tags":[163,226],"class_list":["post-2002","post","type-post","status-publish","format-standard","hentry","category-general","category-subvencions","tag-editorials","tag-girona"],"_links":{"self":[{"href":"https:\/\/www.cdlpv.org\/dtl\/wp-json\/wp\/v2\/posts\/2002","targetHints":{"allow":["GET"]}}],"collection":[{"href":"https:\/\/www.cdlpv.org\/dtl\/wp-json\/wp\/v2\/posts"}],"about":[{"href":"https:\/\/www.cdlpv.org\/dtl\/wp-json\/wp\/v2\/types\/post"}],"author":[{"embeddable":true,"href":"https:\/\/www.cdlpv.org\/dtl\/wp-json\/wp\/v2\/users\/2"}],"replies":[{"embeddable":true,"href":"https:\/\/www.cdlpv.org\/dtl\/wp-json\/wp\/v2\/comments?post=2002"}],"version-history":[{"count":0,"href":"https:\/\/www.cdlpv.org\/dtl\/wp-json\/wp\/v2\/posts\/2002\/revisions"}],"wp:attachment":[{"href":"https:\/\/www.cdlpv.org\/dtl\/wp-json\/wp\/v2\/media?parent=2002"}],"wp:term":[{"taxonomy":"category","embeddable":true,"href":"https:\/\/www.cdlpv.org\/dtl\/wp-json\/wp\/v2\/categories?post=2002"},{"taxonomy":"post_tag","embeddable":true,"href":"https:\/\/www.cdlpv.org\/dtl\/wp-json\/wp\/v2\/tags?post=2002"}],"curies":[{"name":"wp","href":"https:\/\/api.w.org\/{rel}","templated":true}]}}