{"id":200,"date":"2007-10-15T09:05:18","date_gmt":"2007-10-15T08:05:18","guid":{"rendered":"http:\/\/www.cdlpv.org\/dtl\/?p=200"},"modified":"2007-10-15T09:05:18","modified_gmt":"2007-10-15T08:05:18","slug":"tribunals-llengues-i-justicia","status":"publish","type":"post","link":"https:\/\/www.cdlpv.org\/dtl\/2007\/10\/15\/tribunals-llengues-i-justicia\/","title":{"rendered":"Tribunals, lleng\u00fces i just\u00edcia"},"content":{"rendered":"<p>Hi ha tribunals i hi ha just\u00edcia. Es veu que les coses no van massa lligades. En alguns tribunals espanyols el que prima \u00e9s la discriminaci\u00f3 ling\u00fc\u00edstica. Es veu que aix\u00f2 nom\u00e9s seria un delicte si es tractara d&#8217;impedir parlar en espanyol. En canvi, \u00e9s alguna altra cosa &mdash;que no sabem identificar legalment&mdash; quan s\u00f3n jutges els qui impedixen fer \u00fas d&#8217;alguna de les altres lleng\u00fces oficials.<\/p>\n<p>La not\u00edcia del diari <em>Avui<\/em> (<a href=\"http:\/\/paper.avui.cat\/article\/societat\/102055\/poder\/judicial\/no\/veu\/motius\/expedientar\/la\/jutge\/va\/vetar\/catala.html\" target=\"_blank\">11.10.2007<\/a>) \u00e9s la seg\u00fcent:<\/p>\n<blockquote>\n<h2>El Poder Judicial no veu motius per expedientar la jutge que va vetar el catal\u00e0<\/h2>\n<h3>La majoria conservadora imposa el seus vots | L\u00f3pez Tena porta el cas a la Fiscalia del TSJC perqu\u00e8 considera delictiva l&#8217;actitud d&#8217;Ingelmo<\/h3>\n<h5>Jordi Panyella<\/h5>\n<p>El plenari del Consell General del Poder Judicial (CGPJ) va rebutjar ahir obrir un expedient disciplinari a la magistrada de l&#8217;Audi\u00e8ncia de Barcelona, Ana Ingelmo, que la setmana passada va impedir a un testimoni del judici del crim de la Patum declarar en catal\u00e0 al\u00b7legant el dret de defensa dels acusats. La decisi\u00f3 de la jutge va motivar la protesta de tres advocats que participen en el judici i la cr\u00edtica de la consellera Montserrat Tura.<\/p>\n<p>El cas de la jutge havia arribat al CGPJ a trav\u00e9s del vocal Alfons L\u00f3pez Tena, que va presentar una proposta de sanci\u00f3, i de l&#8217;Associaci\u00f3 de Juristes en defensa de la Llengua, que va formalitzar una den\u00fancia. La iniciativa de L\u00f3pez Tena demanava tamb\u00e9 retirar a Ingelmo la distinci\u00f3 de Sant Raimon de Penyafort -que va rebre recentment- i portar el cas a la Fiscalia.<\/p>\n<p>En la votaci\u00f3 d&#8217;ahir, els vocals de la majoria conservadora del Consell van desestimar qualsevol mesura disciplin\u00e0ria contra la magistrada. Alguns membres del plenari van argumentar que Ingelmo havia actuat b\u00e9 i van reblar la seva argumentaci\u00f3 afirmant que ells haurien fet el mateix. Aquests vocals van explicar que en el servei d&#8217;inspecci\u00f3 del CGPJ ja hi ha una \u00abinformaci\u00f3 pr\u00e8via sobre aquest afer\u00bb i que aquesta circumst\u00e0ncia fa innecess\u00e0ria l&#8217;obertura d&#8217;un expedient. No es va especificar l&#8217;origen d&#8217;aquesta informaci\u00f3 i si responia a la den\u00fancia presentada per l&#8217;Associaci\u00f3 de Juristes.<\/p>\n<p>La vocal Montserrat Comas va presentar una esmena on demanava donar trasllat del cas al servei d&#8217;inspecci\u00f3 i tamb\u00e9 va ser rebutjada. La petici\u00f3 d&#8217;obertura d&#8217;expedient nom\u00e9s va rebre el vot del vocal que la va presentar.<\/p>\n<p>L\u00f3pez Tena va formular un vot particular a la decisi\u00f3 de la majoria on recorda que Ingelmo ha vulnerat la Constituci\u00f3, l&#8217;Estatut, la llei del Poder Judicial, la Carta Europea de les lleng\u00fces regionals i la Declaraci\u00f3 Universal dels Drets Humans. El vocal tamb\u00e9 considera que la jutge ha incorregut en un delicte de prevaricaci\u00f3 i ahir mateix ho va comunicar a la Fiscalia.\n<\/p><\/blockquote>\n","protected":false},"excerpt":{"rendered":"<p>Hi ha tribunals i hi ha just\u00edcia. Es veu que les coses no van massa lligades. En alguns tribunals espanyols el que prima \u00e9s la discriminaci\u00f3 ling\u00fc\u00edstica. Es veu que aix\u00f2 nom\u00e9s seria un delicte si es tractara d&#8217;impedir parlar en espanyol. En canvi, \u00e9s alguna altra cosa &mdash;que no sabem identificar legalment&mdash; quan s\u00f3n [&hellip;]<\/p>\n","protected":false},"author":2,"featured_media":0,"comment_status":"open","ping_status":"open","sticky":false,"template":"","format":"standard","meta":{"footnotes":""},"categories":[36,4,1,47,24],"tags":[],"class_list":["post-200","post","type-post","status-publish","format-standard","hentry","category-allofobia","category-dret","category-general","category-planificacio","category-requisit-linguistic"],"_links":{"self":[{"href":"https:\/\/www.cdlpv.org\/dtl\/wp-json\/wp\/v2\/posts\/200","targetHints":{"allow":["GET"]}}],"collection":[{"href":"https:\/\/www.cdlpv.org\/dtl\/wp-json\/wp\/v2\/posts"}],"about":[{"href":"https:\/\/www.cdlpv.org\/dtl\/wp-json\/wp\/v2\/types\/post"}],"author":[{"embeddable":true,"href":"https:\/\/www.cdlpv.org\/dtl\/wp-json\/wp\/v2\/users\/2"}],"replies":[{"embeddable":true,"href":"https:\/\/www.cdlpv.org\/dtl\/wp-json\/wp\/v2\/comments?post=200"}],"version-history":[{"count":0,"href":"https:\/\/www.cdlpv.org\/dtl\/wp-json\/wp\/v2\/posts\/200\/revisions"}],"wp:attachment":[{"href":"https:\/\/www.cdlpv.org\/dtl\/wp-json\/wp\/v2\/media?parent=200"}],"wp:term":[{"taxonomy":"category","embeddable":true,"href":"https:\/\/www.cdlpv.org\/dtl\/wp-json\/wp\/v2\/categories?post=200"},{"taxonomy":"post_tag","embeddable":true,"href":"https:\/\/www.cdlpv.org\/dtl\/wp-json\/wp\/v2\/tags?post=200"}],"curies":[{"name":"wp","href":"https:\/\/api.w.org\/{rel}","templated":true}]}}