{"id":20,"date":"2006-11-16T13:42:28","date_gmt":"2006-11-16T11:42:28","guid":{"rendered":"http:\/\/www.cdlpv.org\/dtl\/?p=20"},"modified":"2024-04-09T12:28:03","modified_gmt":"2024-04-09T10:28:03","slug":"resposta-dels-altres-tecnics-del-dogv","status":"publish","type":"post","link":"https:\/\/www.cdlpv.org\/dtl\/2006\/11\/16\/resposta-dels-altres-tecnics-del-dogv\/","title":{"rendered":"Resposta dels \u00abaltres t\u00e8cnics del DOGV\u00bb"},"content":{"rendered":"<p>A\/a de Josep Nogu\u00e9s i Llu\u00eds Solera, responsables (o exresponsables) ling\u00fc\u00edstics del DOGV,<\/p>\n<p>Els sotasignats (altrament coneguts com \u00abels altres t\u00e8cnics del DOGV\u00bb) ens veiem en la necessitat de contestar la vostra carta difosa fa uns pocs dies en InfoMigjorn [<a href=\"https:\/\/www.cdlpv.org\/dtl\/2006\/11\/05\/censura-i-autocensura-3\/\" target=\"_blank\" rel=\"noopener\">veg.<\/a> \u00abCensura i autocensura (3)\u00bb]; amb els anys, per estes latituds n\u2019hem vist de tots colors, per\u00f2 ara la grollera manipulaci\u00f3 que heu fet d\u2019uns esdeveniments que tamb\u00e9 vam compartir ja passa de la ratlla. Nom\u00e9s volem fer quatre aclariments:<\/p>\n<p>1. En primer lloc, els tres sotasignats que vam estar, com vosaltres, companys de Miquel Boronat en el DOGV, nom\u00e9s podem veure una molt mala consci\u00e8ncia en l\u2019enfilall d\u2019acusacions tendencioses amb qu\u00e8 l\u2019heu obsequiat en el vostre escrit, per uns fets de qu\u00e8 no va ser sin\u00f3 l\u2019\u00fanic cap de turc: una carta redactada per alg\u00fa, que tots vam signar com a queixa perqu\u00e8 ens havien prohibit corregir certs documents, i que va ser filtrada a la premsa per alg\u00fa sense consultar la resta de companys.<\/p>\n<p>2. Ara ens preguntem si la vostra \u00abprofessionalitat\u00bb com a responsables ling\u00fc\u00edstics \u2013aix\u00f2 heu dit que sou\u2013 s\u2019ha basat en un esfor\u00e7 continuat per tal d\u2019esdevenir uns brillants \u00abpassants\u00bb de documents directes on no quedava cap tra\u00e7a d\u2019esmena ling\u00fc\u00edstica, per\u00f2 que \u2013aix\u00f2 s\u00ed\u2013 us permet\u00e9 assolir el primer lloc en el r\u00e0nquing de productivitat del DOGV, posant de retop en evid\u00e8ncia els vostres companys desvagats que s\u00ed que f\u00e9iem el que ens corresponia. Corporativisme professional o acci\u00f3 sindical esfor\u00e7ada? No ho hem pogut esbrinar encara, per\u00f2 estem tranquils perqu\u00e8 la vostra virtut s\u2019ha vist recompensada (i\/o promocionada).<\/p>\n<p>3. O potser la vostra professionalitat es deu referir al paper exemplar i totalment Des-Interessat que vau assumir en una ocasi\u00f3 en qu\u00e8 s\u00ed que vau \u00abcorregir\u00bb uns documents mentre la morralla f\u00e9iem riure m\u00e9s d\u2019un per signar una carta dirigida a l\u2019AVL, que amb tota probabilitat ens podia reportar problemes amb els nostres superiors.<\/p>\n<p>4. Sabem que, com a sindicalistes compromesos que sou, deveu tenir m\u00e9s clar que nosaltres que pertoca defensar l\u2019autonomia professional d\u2019un t\u00e8cnic d\u2019administraci\u00f3 especial enfront d\u2019inger\u00e8ncies pol\u00edtiques. O, com heu dit en el vostre escrit, qui paga mana? L\u2019STAPV mateix va fer un <a href=\"https:\/\/www.einesdellengua.com\/Legis\/Arxius\/AVL-tecnics\/STAPV020723.htm\" target=\"_blank\" rel=\"noopener\">comunicat<\/a> el 18 de juliol de 2002 on es compromet\u00e9 a donar el seu suport als t\u00e8cnics ling\u00fc\u00edstics en este sentit, per\u00f2 es veu que de llavors en\u00e7\u00e0 ha plogut molt.<\/p>\n<p>I per part nostra, donem per acabat el debat.<\/p>\n<p>Qu\u00e8 hi farem! La mem\u00f2ria \u00e9s laxa &#8230; per\u00f2 conv\u00e9 exercir-la de tant en tant, ni que siga per higiene mental.<\/p>\n<p>Atentament,<\/p>\n<p>Al\u00edcia Marqu\u00e9s Pal\u00e0cios, Immaculada Navarro Tom\u00e1s, Maribel Estrems Dar\u00f2s, Aureli Querol Angl\u00e9s i Susanna Bosch Espert<\/p>\n","protected":false},"excerpt":{"rendered":"<p>A\/a de Josep Nogu\u00e9s i Llu\u00eds Solera, responsables (o exresponsables) ling\u00fc\u00edstics del DOGV, Els sotasignats (altrament coneguts com \u00abels altres t\u00e8cnics del DOGV\u00bb) ens veiem en la necessitat de contestar la vostra carta difosa fa uns pocs dies en InfoMigjorn [veg. \u00abCensura i autocensura (3)\u00bb]; amb els anys, per estes latituds n\u2019hem vist de tots [&hellip;]<\/p>\n","protected":false},"author":2,"featured_media":0,"comment_status":"open","ping_status":"open","sticky":false,"template":"","format":"standard","meta":{"footnotes":""},"categories":[1,15,19,31],"tags":[],"class_list":["post-20","post","type-post","status-publish","format-standard","hentry","category-general","category-laboral","category-politica","category-tmpl"],"_links":{"self":[{"href":"https:\/\/www.cdlpv.org\/dtl\/wp-json\/wp\/v2\/posts\/20","targetHints":{"allow":["GET"]}}],"collection":[{"href":"https:\/\/www.cdlpv.org\/dtl\/wp-json\/wp\/v2\/posts"}],"about":[{"href":"https:\/\/www.cdlpv.org\/dtl\/wp-json\/wp\/v2\/types\/post"}],"author":[{"embeddable":true,"href":"https:\/\/www.cdlpv.org\/dtl\/wp-json\/wp\/v2\/users\/2"}],"replies":[{"embeddable":true,"href":"https:\/\/www.cdlpv.org\/dtl\/wp-json\/wp\/v2\/comments?post=20"}],"version-history":[{"count":4,"href":"https:\/\/www.cdlpv.org\/dtl\/wp-json\/wp\/v2\/posts\/20\/revisions"}],"predecessor-version":[{"id":4556,"href":"https:\/\/www.cdlpv.org\/dtl\/wp-json\/wp\/v2\/posts\/20\/revisions\/4556"}],"wp:attachment":[{"href":"https:\/\/www.cdlpv.org\/dtl\/wp-json\/wp\/v2\/media?parent=20"}],"wp:term":[{"taxonomy":"category","embeddable":true,"href":"https:\/\/www.cdlpv.org\/dtl\/wp-json\/wp\/v2\/categories?post=20"},{"taxonomy":"post_tag","embeddable":true,"href":"https:\/\/www.cdlpv.org\/dtl\/wp-json\/wp\/v2\/tags?post=20"}],"curies":[{"name":"wp","href":"https:\/\/api.w.org\/{rel}","templated":true}]}}