{"id":1987,"date":"2011-02-18T14:44:54","date_gmt":"2011-02-18T13:44:54","guid":{"rendered":"http:\/\/www.cdlpv.org\/dtl\/?p=1987"},"modified":"2011-02-18T14:44:54","modified_gmt":"2011-02-18T13:44:54","slug":"la-democracia-i-la-tv3-al-pais-valencia-en-negre","status":"publish","type":"post","link":"https:\/\/www.cdlpv.org\/dtl\/2011\/02\/18\/la-democracia-i-la-tv3-al-pais-valencia-en-negre\/","title":{"rendered":"La democr\u00e0cia i la TV3 al Pa\u00eds Valenci\u00e0 en negre"},"content":{"rendered":"<p>Despr\u00e9s de l&#8217;apagada de la <span class=\"versaleta\">tv3<\/span> en les emissions a trav\u00e9s de la <span class=\"versaleta\">tdt<\/span> a quasi tot el Pa\u00eds Val\u00e8ncia (\u00bfquasi tot? S\u00ed, hi ha reductes que resistixen i no direm on, per si de cas), no podem m\u00e9s que rescatar l&#8217;apunt d&#8217;este <span class=\"versaleta\"><em>dtl<\/em><\/span> del <a href=\"http:\/\/www.cdlpv.org\/dtl\/?p=45\" target=\"_blank\">27 de mar\u00e7 del 2007<\/a> i encomanar-mos a Internet, que \u00e9s per on podrem salvar les antiparres ideol\u00f2giques del r\u00e8gim censor que patim, vist que la xarxa i la tecnologia darrerament s&#8217;han convertit en el nostre espai real de llibertat &mdash;tant si es tracta de Mub\u00e0rak com de Camps Ortiz, <em>Paco<\/em>&mdash;:<\/p>\n<blockquote><p>\nLa Constituci\u00f3 espanyola diu (art. 20):<\/p>\n<blockquote><p>\n 1. Es reconeixen i es protegeixen els drets:<\/p>\n<p><em>a<\/em>) A expressar i difondre lliurement els pensaments, les idees i les opinions mitjan\u00e7ant la paraula, l&#8217;escriptura o qualsevol altre mitj\u00e0 de reproducci\u00f3.<\/p>\n<p><em>b<\/em>) A la producci\u00f3 i a la creaci\u00f3 liter\u00e0ria, art\u00edstica, cient\u00edfica i t\u00e8cnica.<\/p>\n<p><em>c<\/em>) A la llibertat de c\u00e0tedra.<\/p>\n<p><em>d<\/em>) A comunicar o a rebre lliurement informaci\u00f3 vera\u00e7 per qualsevol mitj\u00e0 de difusi\u00f3. La llei regular\u00e0 el dret a la cl\u00e0usula de consci\u00e8ncia i al secret professional en l&#8217;exercici d&#8217;aquestes llibertats.<\/p>\n<p>2. L&#8217;exercici d&#8217;aquests drets no pot ser restringit per mitj\u00e0 de cap tipus de censura pr\u00e8via.<\/p>\n<p>3. La llei regular\u00e0 l&#8217;organitzaci\u00f3 i el control parlamentari dels mitjans de comunicaci\u00f3 social que depenguen de l&#8217;estat o de qualsevol entitat p\u00fablica i garantir\u00e0 l&#8217;acc\u00e9s a aquests mitjans dels grups socials i pol\u00edtics significatius, respectant el pluralisme de la societat i de les diferents lleng\u00fces d&#8217;Espanya.<\/p>\n<p>4. Aquestes llibertats tenen el l\u00edmit en el respecte als drets reconeguts en aquest t\u00edtol, en els preceptes de les lleis que el desenvolupin i, especialment, en el dret a l&#8217;honor, a la intimitat, a la imatge pr\u00f2pia i a la protecci\u00f3 de la joventut i de la inf\u00e0ncia.<\/p>\n<p>5. Nom\u00e9s podr\u00e0 acordar-se el segrest de publicacions, gravacions i altres mitjans d&#8217;informaci\u00f3 en virtut de resoluci\u00f3 judicial.\n<\/p><\/blockquote>\n<p>La <a href=\"http:\/\/www.einesdellengua.com\/Legis\/Arxius\/UE\/cartaue.htm\" target=\"_blank\">Carta europea<\/a> de les lleng\u00fces regionals o minorit\u00e0ries diu (art. 11.2):<\/p>\n<blockquote><p>\nLes parts es comprometen a garantir la llibertat de recepci\u00f3 directa de les emissions de r\u00e0dio i de televisi\u00f3 dels pa\u00efsos ve\u00efns en una llengua usada en una forma id\u00e8ntica o pr\u00f2xima d&#8217;una llengua regional o minorit\u00e0ria, i a no oposar-se a la retransmissi\u00f3 d&#8217;emissions de r\u00e0dio i de televisi\u00f3 dels pa\u00efsos ve\u00efns en aquesta llengua. Es comprometen, a m\u00e9s, a garantir que no sigui imposada a la premsa cap restricci\u00f3 a la llibertat d&#8217;expressi\u00f3 i a la lliure circulaci\u00f3 de la informaci\u00f3 en una llengua usada en una forma id\u00e8ntica o pr\u00f2xima d&#8217;una llengua regional o minorit\u00e0ria. L&#8217;exercici de les llibertats esmentades m\u00e9s amunt, que comporten deures i responsabilitats, pot ser sotm\u00e8s a certes formalitats, condicions, restriccions o sancions previstes per la llei, que constitueixen mesures necess\u00e0ries, en una societat democr\u00e0tica, per a la seguretat nacional, per a la integritat territorial o per a la seguretat p\u00fablica, per a la defensa de l&#8217;ordre i per a la prevenci\u00f3 de la delinq\u00fc\u00e8ncia, per a la protecci\u00f3 de la salut o de la moral, per a la protecci\u00f3 de la reputaci\u00f3 o dels drets d&#8217;altri, per impedir la divulgaci\u00f3 d&#8217;informacions confidencials, o per garantir l&#8217;autoritat i la imparcialitat del poder judicial.\n<\/p><\/blockquote>\n<p>Alguns ens hem fet adults amb <span class=\"versaleta\">tv3<\/span>. Alguns hem apr\u00e9s a pensar el m\u00f3n en valenci\u00e0 gr\u00e0cies a <span class=\"versaleta\">tv3<\/span>. Molts milers de xiquets i xiquetes valencians han apr\u00e9s a ignorar i a superar les fronteres mentals del franquisme gr\u00e0cies a TV3.<\/p>\n<p>Molts ajud\u00e0rem a portar la <span class=\"versaleta\">tv3<\/span> al Pa\u00eds Valenci\u00e0. Va ser una iniciativa social canalitzada per Acci\u00f3 Cultural del Pa\u00eds Valenci\u00e0. A pesar dels entrebancs dels governs valencianes i espanyols d&#8217;aleshores, molts vam participar en la iniciativa tant com vam poder en aquell temps &mdash;i gr\u00e0cies a ma mare i a ma tia Xelo jo vaig co&#320;laborar amb el talonari per a arreplegar els fons.<\/p>\n<p>Alguns hem apr\u00e9s a ser valencians gr\u00e0cies a <span class=\"versaleta\">tv3<\/span>. Hem apr\u00e9s que \u00e9rem catalanoparlants gr\u00e0cies a <span class=\"versaleta\">tv3<\/span>. Hem apr\u00e9s que no \u00e9rem catalans tamb\u00e9 gr\u00e0cies a <span class=\"versaleta\">tv3<\/span>. Hem apr\u00e9s que serem valencians perqu\u00e8 voldrem i tal com voldrem i no per cap etnicitat ni per cap fanatisme ideol\u00f2gic o religi\u00f3s. Sabem qu\u00e8 i qui s\u00f3n aquells pol\u00edtics que exalten els sentiments xen\u00f2fobs i totalitaris d&#8217;alguns valencians contra altres valencians. Gr\u00e0cies a <span class=\"versaleta\">tv3<\/span> i a un president catal\u00e0 amb qui no tots combreg\u00e0vem, hem resolt que serem valencians perqu\u00e8 vivim i treballem al Pa\u00eds Valenci\u00e0.<\/p>\n<p>Fa vint-i-un anys vam aprendre que ten\u00edem dret a estar informats i que pod\u00edem rebre informaci\u00f3 en catal\u00e0. I vam aprendre qu\u00e8 \u00e9s un mitj\u00e0 d&#8217;informaci\u00f3 i qu\u00e8 \u00e9s la informaci\u00f3. Alguns recordem el segon avi\u00f3 que s&#8217;estavellava contra les Torres Bessones de Nova York mentres Canal 9 no se n&#8217;assabentava. I encara tremolem. I molts hem conegut la m\u00fasica, la literatura, el cinema i un espai imaginari ample i divers per a cr\u00e9ixer amb llibertat d&#8217;expressi\u00f3 i comunicaci\u00f3 i en totes les varietats de la llengua. D&#8217;aix\u00f2 fa ja vint-i-un anys i gr\u00e0cies a <span class=\"versaleta\">tv3<\/span>.<\/p>\n<p>Gr\u00e0cies a <span class=\"versaleta\">tv3<\/span> sabem que els mitjans de comunicaci\u00f3 p\u00fablics no han de ser mitjans de propaganda, contra el que entenen alguns dirigents pol\u00edtics valencians ancorats en el m\u00f3n de refer\u00e8ncies del franquisme. S\u00f3n dirigents pol\u00edtics que viuen encara en aquella \u00abdemocr\u00e0cia org\u00e0nica\u00bb, potser no per edat, per\u00f2 s\u00ed en les seues idees i en els seus actes. Sabem qu\u00e8 i qui s\u00f3n els pol\u00edtics que ens han censurat en el passat i que ens han prohibit accedir altres vegades a <span class=\"versaleta\">tv3<\/span>. I sabem qu\u00e8 i qui s\u00f3n els qui ho pretenen tornar a fer ara. I s\u00f3n els seus actes els que compten i no la borrumballa ret\u00f2rica amb qu\u00e8 els disfressen en les Corts o en els \u00abseus\u00bb mitjans d&#8217;exaltaci\u00f3.<\/p>\n<p>Per sort, gr\u00e0cies a <span class=\"versaleta\">tv3<\/span> i a un president catal\u00e0 d&#8217;altres temps sabem que tornarem a lluitar i que tornarem a v\u00e9ncer. Amb la co&#320;laboraci\u00f3 de tots, \u00e9s clar.\n<\/p><\/blockquote>\n<p>&mdash; <a href=\"http:\/\/translate.google.com\/translate?js=n&#038;prev=_t&#038;hl=en&#038;ie=UTF-8&#038;layout=2&#038;eotf=1&#038;sl=es&#038;tl=ca&#038;u=http%3A%2F%2Fwww.levante-emv.com%2Fcomunitat-valenciana%2F2011%2F02%2F18%2Ftv3-deja-emitir-c-valenciana-28-anos-denuncias-consell%2F783668.html\" target=\"_blank\"><em>Levante<\/em><\/a><br \/>\n&mdash; <a href=\"http:\/\/www.ara.cat\/comunicacio\/ACPV-TV3-Pais_Valencia_0_428958247.html\" target=\"_blank\"><em>Ara.cat<\/em><\/a><br \/>\n&mdash; <a href=\"http:\/\/www.vilaweb.cat\/sense-senyal\" target=\"_blank\"><em>Vilaweb<\/em><\/a><\/p>\n","protected":false},"excerpt":{"rendered":"<p>Despr\u00e9s de l&#8217;apagada de la tv3 en les emissions a trav\u00e9s de la tdt a quasi tot el Pa\u00eds Val\u00e8ncia (\u00bfquasi tot? S\u00ed, hi ha reductes que resistixen i no direm on, per si de cas), no podem m\u00e9s que rescatar l&#8217;apunt d&#8217;este dtl del 27 de mar\u00e7 del 2007 i encomanar-mos a Internet, que [&hellip;]<\/p>\n","protected":false},"author":2,"featured_media":0,"comment_status":"open","ping_status":"open","sticky":false,"template":"","format":"standard","meta":{"footnotes":""},"categories":[36,2,1,19,34],"tags":[100],"class_list":["post-1987","post","type-post","status-publish","format-standard","hentry","category-allofobia","category-comunicacio","category-general","category-politica","category-tv3","tag-censura"],"_links":{"self":[{"href":"https:\/\/www.cdlpv.org\/dtl\/wp-json\/wp\/v2\/posts\/1987","targetHints":{"allow":["GET"]}}],"collection":[{"href":"https:\/\/www.cdlpv.org\/dtl\/wp-json\/wp\/v2\/posts"}],"about":[{"href":"https:\/\/www.cdlpv.org\/dtl\/wp-json\/wp\/v2\/types\/post"}],"author":[{"embeddable":true,"href":"https:\/\/www.cdlpv.org\/dtl\/wp-json\/wp\/v2\/users\/2"}],"replies":[{"embeddable":true,"href":"https:\/\/www.cdlpv.org\/dtl\/wp-json\/wp\/v2\/comments?post=1987"}],"version-history":[{"count":0,"href":"https:\/\/www.cdlpv.org\/dtl\/wp-json\/wp\/v2\/posts\/1987\/revisions"}],"wp:attachment":[{"href":"https:\/\/www.cdlpv.org\/dtl\/wp-json\/wp\/v2\/media?parent=1987"}],"wp:term":[{"taxonomy":"category","embeddable":true,"href":"https:\/\/www.cdlpv.org\/dtl\/wp-json\/wp\/v2\/categories?post=1987"},{"taxonomy":"post_tag","embeddable":true,"href":"https:\/\/www.cdlpv.org\/dtl\/wp-json\/wp\/v2\/tags?post=1987"}],"curies":[{"name":"wp","href":"https:\/\/api.w.org\/{rel}","templated":true}]}}