{"id":198,"date":"2007-10-15T08:42:46","date_gmt":"2007-10-15T07:42:46","guid":{"rendered":"http:\/\/www.cdlpv.org\/dtl\/?p=198"},"modified":"2007-10-15T08:42:46","modified_gmt":"2007-10-15T07:42:46","slug":"tipografia-llengua-i-banalitats","status":"publish","type":"post","link":"https:\/\/www.cdlpv.org\/dtl\/2007\/10\/15\/tipografia-llengua-i-banalitats\/","title":{"rendered":"Tipografia, llengua i banalitats"},"content":{"rendered":"<p><a href=\"http:\/\/editorialafers.com\/afers\/product_info.php?products_id=230\" target=\"_blank\"><img decoding=\"async\" id=\"image199\" height=96 alt=\"Nacionalisme banal\" src=\"http:\/\/www.cdlpv.org\/dtl\/wp-content\/nbanal.jpg\" align=\"right\"\/><\/a> La normativa ling\u00fc\u00edstica \u00e9s molt important per als t\u00e8cnics ling\u00fc\u00edstics, ja que es troba a la base de la seua tasca. Tanmateix, la normativa no \u00e9s una doctrina que s&#8217;aplica de manera cega, sin\u00f3 que es veu modulada per les consideracions professionals dels mateixos t\u00e8cnics i, tamb\u00e9, per les les limitacions tecnol\u00f2giques de cada moment.<\/p>\n<p>Un simple accent en una maj\u00fascula, per exemple, l&#8217;accent que faltava en la cap\u00e7alera del diari espanyol <em>El Pa\u00eds<\/em>, ha mereixcut comentaris des de fa molts anys. Ara sembla que per fi es resoldr\u00e0 la mancan\u00e7a. A m\u00e9s, aprofiten per a fer un canvi d&#8217;imatge i vendre una renovaci\u00f3 &mdash;i podr\u00edem dir, llegint l&#8217;<a href=\"http:\/\/www.elpais.com\/articulo\/opinion\/Catalanes\/Francfort\/elpporopi\/20071014elpepiopi_2\/Tes\" target=\"_blank\">editorial<\/a> d&#8217;ahir sobre la Fira del Llibre de Frankfurt, que posaran l&#8217;accent m\u00e9s acr\u00edticament encara en l&#8217;espanyolitat: tot i la part de ra\u00f3 que puguen tindre, \u00bfqu\u00e8 comentaren en abril passat sobre la pres\u00e8ncia espanyola en la Fira del Llibre de Londres? M\u00e9s enll\u00e0 d&#8217;un exercici de periodisme, el diari cau massa sovint en la hipocresia i el <a href=\"http:\/\/einesdellengua.blogspot.com\/2007\/04\/nacionalisme-banal.html\" target=\"_blank\">nacionalisme banal<\/a>.<\/p>\n<p>Per cert, la manca de l&#8217;accent s&#8217;haguera pogut resoldre fa molt de temps, per\u00f2 la q\u00fcesti\u00f3 es va maquillar amb reflexions sobre icones, que \u00e9s una manera de reflexionar m\u00e9s pr\u00f2pia d&#8217;ocupacions diferents de les del periodisme. La carta dels dissenyadors de la cap\u00e7alera aclarix algunes coses (<em>El Pa\u00eds<\/em>, <a href=\"http:\/\/www.elpais.com\/articulo\/opinion\/acento\/PAiS\/elpporopi\/20071013elpepiopi_7\/Tes\" target=\"_blank\">13.10.2007<\/a>; l&#8217;hem tradu\u00efda amb l&#8217;ajuda de l&#8217;Internostrum):<\/p>\n<blockquote>\n<h2>L&#8217;accent d&#8217;<em>El Pa\u00eds<\/em><\/h2>\n<h5>Reinhard G\u00e4de i Julio Alonso &#8211; 13.10.2007<\/h5>\n<p>La cap\u00e7alera d&#8217;<em>El Pa\u00eds<\/em> es va dissenyar sense titlla per una ra\u00f3 m\u00e9s senzilla, per\u00f2 de m\u00e9s pes, que l&#8217;utilitzada dijous passat per a anunciar que el redisseny del peri\u00f2dic incorpora el preceptiu accent en la <em>i<\/em>. \u00abQue la cap\u00e7alera t\u00e9 un significat ic\u00f2nico no literal i que ning\u00fa es para a pensar en el contingut del que definix\u00bb \u00e9s una explicaci\u00f3 o justificaci\u00f3 <em>a posteriori<\/em>, no per aix\u00f2 exempta de fonament. I d&#8217;exemples; entre ells, el logotip de Telef\u00f3nica.<\/p>\n<p>Per\u00f2 s&#8217;oblida que no va ser l&#8217;est\u00e8tica sin\u00f3 un impediment t\u00e8cnic el que ens va dur a proposar la supressi\u00f3 de l&#8217;accent: les modernes fotocomponedores, de fabricaci\u00f3 nord-americana, mancaven de maj\u00fascules accentuades, i no tenia sentit posar accent en la cap\u00e7alera quan els textos que en la resta del peri\u00f2dic s&#8217;escrigueren tot de maj\u00fascules haurien d&#8217;anar sense accent. No \u00e9rem els \u00fanics. La resta dels peri\u00f2dics, amb tecnologia m\u00e9s endarrerida, estaven igual. Era una situaci\u00f3 que s&#8217;arrossegava des de la implantaci\u00f3 de la linot\u00edpia, m\u00e0quina inventada per l&#8217;alemany Mergenthaler a la fi del segle <span class=\"versaleta\">xix<\/span>. Fins a tal extrem que m\u00e9s d&#8217;una generaci\u00f3 d&#8217;aquella \u00e8poca va ser educada en la idea que les maj\u00fascules no s&#8217;accentuaven.<\/p>\n<p>Cal dir tamb\u00e9 que <em>El Pa\u00eds<\/em> va ser el primer peri\u00f2dic \u2014almenys entre els de difusi\u00f3 nacional\u2014 a retornar l&#8217;accent a les maj\u00fascules. Va ser el 9 de novembre de 1983, la primera vegada que el cognom del director (Cebri\u00e1n) i el dia de la setmana (dimecres) s&#8217;escrivien amb titlla.\n<\/p><\/blockquote>\n","protected":false},"excerpt":{"rendered":"<p>La normativa ling\u00fc\u00edstica \u00e9s molt important per als t\u00e8cnics ling\u00fc\u00edstics, ja que es troba a la base de la seua tasca. Tanmateix, la normativa no \u00e9s una doctrina que s&#8217;aplica de manera cega, sin\u00f3 que es veu modulada per les consideracions professionals dels mateixos t\u00e8cnics i, tamb\u00e9, per les les limitacions tecnol\u00f2giques de cada moment. [&hellip;]<\/p>\n","protected":false},"author":2,"featured_media":0,"comment_status":"open","ping_status":"open","sticky":false,"template":"","format":"standard","meta":{"footnotes":""},"categories":[36,2,1,17,19],"tags":[],"class_list":["post-198","post","type-post","status-publish","format-standard","hentry","category-allofobia","category-comunicacio","category-general","category-normativa","category-politica"],"_links":{"self":[{"href":"https:\/\/www.cdlpv.org\/dtl\/wp-json\/wp\/v2\/posts\/198","targetHints":{"allow":["GET"]}}],"collection":[{"href":"https:\/\/www.cdlpv.org\/dtl\/wp-json\/wp\/v2\/posts"}],"about":[{"href":"https:\/\/www.cdlpv.org\/dtl\/wp-json\/wp\/v2\/types\/post"}],"author":[{"embeddable":true,"href":"https:\/\/www.cdlpv.org\/dtl\/wp-json\/wp\/v2\/users\/2"}],"replies":[{"embeddable":true,"href":"https:\/\/www.cdlpv.org\/dtl\/wp-json\/wp\/v2\/comments?post=198"}],"version-history":[{"count":0,"href":"https:\/\/www.cdlpv.org\/dtl\/wp-json\/wp\/v2\/posts\/198\/revisions"}],"wp:attachment":[{"href":"https:\/\/www.cdlpv.org\/dtl\/wp-json\/wp\/v2\/media?parent=198"}],"wp:term":[{"taxonomy":"category","embeddable":true,"href":"https:\/\/www.cdlpv.org\/dtl\/wp-json\/wp\/v2\/categories?post=198"},{"taxonomy":"post_tag","embeddable":true,"href":"https:\/\/www.cdlpv.org\/dtl\/wp-json\/wp\/v2\/tags?post=198"}],"curies":[{"name":"wp","href":"https:\/\/api.w.org\/{rel}","templated":true}]}}