{"id":1979,"date":"2011-02-15T11:11:30","date_gmt":"2011-02-15T10:11:30","guid":{"rendered":"http:\/\/www.cdlpv.org\/dtl\/?p=1979"},"modified":"2011-02-15T11:11:30","modified_gmt":"2011-02-15T10:11:30","slug":"1979","status":"publish","type":"post","link":"https:\/\/www.cdlpv.org\/dtl\/2011\/02\/15\/1979\/","title":{"rendered":"Despesa en pol\u00edtica ling\u00fc\u00edstica (8)"},"content":{"rendered":"<p>El butllet\u00ed <a href=\"http:\/\/www.euskara.euskadi.net\/r59-bpeduki\/es\/contenidos\/noticia\/albis27_750_eep_11_02\/es_eep\/albis27_750_eep_11_02.html\" target=\"_blank\"><em>Euskararen Berripapera<\/em><\/a> ens informa que enguany el pressupost de l&#8217;Oficina P\u00fablica de la Llengua Basca augmenta un 10\u00a0%:<\/p>\n<blockquote><p>L&#8217;Oficina P\u00fablica de la Llengua Basca <span class=\"versaleta\">(oplv)<\/span> disposar\u00e0 d&#8217;un pressupost de 3.410.080 euros en 2011, el m\u00e9s gran de la seua hist\u00f2ria. La quantia del pressupost destinat a desenvolupar activitats relacionades amb l&#8217;\u00e8uscar i la cultura basca ha augmentat un 10\u00a0% respecte a l&#8217;\u00faltim any.<\/p>\n<p>Anualment, l&#8217;estat franc\u00e9s, el Consell d&#8217;Aquit\u00e0nia i el Departament dels Pirineus-Atl\u00e0ntic destinen una partida similar al pressupost de l&#8217;<span class=\"versaleta\">oplv<\/span>. Enguany, en canvi, el Departament dels Pirineus-Atl\u00e0ntic realitzar\u00e0 una aportaci\u00f3 major (860.000 euros) a l&#8217;entitat per a fomentar l&#8217;\u00e8uscar. L&#8217;estat concedir\u00e0 740.000 euros i el Consell d&#8217;Aquit\u00e0nia 800.000 euros, amb la possibilitat de complementar-los amb 60.000 euros. El Sindicat Intercomunal de Suport a la Cultura Basca destinar\u00e0 255.450 euros i el Consell d&#8217;Electes, 2.850 euros. Aix\u00ed mateix, el Govern Basc acaba de signar un conveni amb l&#8217;<span class=\"versaleta\">oplv<\/span> per al per\u00edode 2011-2016, i concedir\u00e0 una subvenci\u00f3 de 520.000 euros. 470.000 euros seran per a desenvolupar projectes comuns, 40.000 euros per a impulsar la lectura i 10.000 per a la campanya de promoci\u00f3 d&#8217;<span class=\"versaleta\">eitb<\/span>.<\/p><\/blockquote>\n<p>Podem observar la co\u0140laboraci\u00f3 que s&#8217;establix entre estats i administracions diferents quan compartixen un mateix objectiu cultural i ling\u00fc\u00edstic. En canvi, al Pa\u00eds Valenci\u00e0, far que guia el cam\u00ed de les autarquies neoliberals (amb vestits regalts o despullats del tot), segons pron\u00f2stic dels dirigents del Partit Popular i de la Generalitat valenciana, tenim que el pressupost per a \u00abpromoci\u00f3 i \u00fas del valenci\u00e0\u00bb es redu\u00efx vora un 12\u00a0% respecte a l&#8217;any passat i seguix la t\u00f2nica de Francisco Camps i els seus consellers de destinar recursos als pous privats de Terra M\u00edtica, de la visita del papa del 2006 i de tota mena d&#8217;irregularitats paregudes amb qu\u00e8 desapareixen els diners p\u00fablics en mans privades, mentres s&#8217;actua contra l&#8217;\u00fas del valenci\u00e0 de fet i econ\u00f2micament:<\/p>\n<blockquote>\n<div class=\"nota\">\n<table class=\"ta1\" border=\"0\" cellspacing=\"0\" cellpadding=\"0\">\n<colgroup>\n<col width=\"99\" \/>\n<col width=\"99\" \/>\n<col width=\"99\" \/>\n<col width=\"99\" \/><\/colgroup>\n<tbody>\n<tr class=\"ro1\">\n<td class=\"ce1\" style=\"text-align: left;\"><\/td>\n<td class=\"ce1\" style=\"text-align: left;\">Pressupost<\/td>\n<td class=\"ce1\" style=\"text-align: left;\">Variaci\u00f3<\/td>\n<td class=\"ce1\" style=\"text-align: left;\">%\u00a0de\u00a0variaci\u00f3<\/td>\n<\/tr>\n<tr class=\"ro2\">\n<td class=\"ce1\" style=\"text-align: right;\">2006<\/td>\n<td class=\"ce1\" style=\"text-align: right;\">6.457.880<\/td>\n<td class=\"ce1\" style=\"text-align: left;\">&#8212;<\/td>\n<td class=\"ce1\" style=\"text-align: left;\">&#8212;<\/td>\n<\/tr>\n<tr class=\"ro2\">\n<td class=\"ce1\" style=\"text-align: right;\">2007<\/td>\n<td class=\"ce1\" style=\"text-align: right;\">6.765.440<\/td>\n<td class=\"ce1\" style=\"text-align: right;\">304.560<\/td>\n<td class=\"ce1\" style=\"text-align: right;\">4,76<\/td>\n<\/tr>\n<tr class=\"ro2\">\n<td class=\"ce1\" style=\"text-align: right;\">2008<\/td>\n<td class=\"ce1\" style=\"text-align: right;\">7.035.350<\/td>\n<td class=\"ce1\" style=\"text-align: right;\">269.910<\/td>\n<td class=\"ce1\" style=\"text-align: right;\">3,99<\/td>\n<\/tr>\n<tr class=\"ro2\">\n<td class=\"ce1\" style=\"text-align: right;\">2009<\/td>\n<td class=\"ce1\" style=\"text-align: right;\">7.001.760<\/td>\n<td class=\"ce1\" style=\"text-align: right;\">211.210<\/td>\n<td class=\"ce1\" style=\"text-align: right;\">3,11<\/td>\n<\/tr>\n<tr class=\"ro2\">\n<td class=\"ce1\" style=\"text-align: right;\">2010<\/td>\n<td class=\"ce1\" style=\"text-align: right;\">5.936.850<\/td>\n<td class=\"ce1\" style=\"text-align: right;\">-1.064.910<\/td>\n<td class=\"ce1\" style=\"text-align: right;\">-15,21<\/td>\n<\/tr>\n<tr class=\"ro2\">\n<td class=\"ce1\" style=\"text-align: right;\">2011<\/td>\n<td class=\"ce1\" style=\"text-align: right;\">5.231.990<\/td>\n<td class=\"ce1\" style=\"text-align: right;\">-704.860<\/td>\n<td class=\"ce1\" style=\"text-align: right;\">-11,87<\/td>\n<\/tr>\n<\/tbody>\n<\/table>\n<\/div>\n<\/blockquote>\n","protected":false},"excerpt":{"rendered":"<p>El butllet\u00ed Euskararen Berripapera ens informa que enguany el pressupost de l&#8217;Oficina P\u00fablica de la Llengua Basca augmenta un 10\u00a0%: L&#8217;Oficina P\u00fablica de la Llengua Basca (oplv) disposar\u00e0 d&#8217;un pressupost de 3.410.080 euros en 2011, el m\u00e9s gran de la seua hist\u00f2ria. La quantia del pressupost destinat a desenvolupar activitats relacionades amb l&#8217;\u00e8uscar i la [&hellip;]<\/p>\n","protected":false},"author":2,"featured_media":0,"comment_status":"open","ping_status":"open","sticky":false,"template":"","format":"standard","meta":{"footnotes":""},"categories":[1,47,19,21],"tags":[141,196],"class_list":["post-1979","post","type-post","status-publish","format-standard","hentry","category-general","category-planificacio","category-politica","category-pressuposts","tag-despesa","tag-euscar"],"_links":{"self":[{"href":"https:\/\/www.cdlpv.org\/dtl\/wp-json\/wp\/v2\/posts\/1979","targetHints":{"allow":["GET"]}}],"collection":[{"href":"https:\/\/www.cdlpv.org\/dtl\/wp-json\/wp\/v2\/posts"}],"about":[{"href":"https:\/\/www.cdlpv.org\/dtl\/wp-json\/wp\/v2\/types\/post"}],"author":[{"embeddable":true,"href":"https:\/\/www.cdlpv.org\/dtl\/wp-json\/wp\/v2\/users\/2"}],"replies":[{"embeddable":true,"href":"https:\/\/www.cdlpv.org\/dtl\/wp-json\/wp\/v2\/comments?post=1979"}],"version-history":[{"count":0,"href":"https:\/\/www.cdlpv.org\/dtl\/wp-json\/wp\/v2\/posts\/1979\/revisions"}],"wp:attachment":[{"href":"https:\/\/www.cdlpv.org\/dtl\/wp-json\/wp\/v2\/media?parent=1979"}],"wp:term":[{"taxonomy":"category","embeddable":true,"href":"https:\/\/www.cdlpv.org\/dtl\/wp-json\/wp\/v2\/categories?post=1979"},{"taxonomy":"post_tag","embeddable":true,"href":"https:\/\/www.cdlpv.org\/dtl\/wp-json\/wp\/v2\/tags?post=1979"}],"curies":[{"name":"wp","href":"https:\/\/api.w.org\/{rel}","templated":true}]}}