{"id":1971,"date":"2011-02-11T13:52:29","date_gmt":"2011-02-11T12:52:29","guid":{"rendered":"http:\/\/www.cdlpv.org\/dtl\/?p=1971"},"modified":"2011-02-11T13:52:29","modified_gmt":"2011-02-11T12:52:29","slug":"el-clip-de-francisco-camps-que-amaga-el-valencia","status":"publish","type":"post","link":"https:\/\/www.cdlpv.org\/dtl\/2011\/02\/11\/el-clip-de-francisco-camps-que-amaga-el-valencia\/","title":{"rendered":"El clip de Francisco Camps que amaga el valenci\u00e0"},"content":{"rendered":"<p><a href=\"http:\/\/www.softcatala.org\/el_windows_i_loffice_subtitulats_releguen_el_valencia_fora_dels_estandards_internacionals_de_traducc\" target=\"_blank\">Softcatal\u00e0<\/a> aclarix els bombos i platerets de la Generalitat valenciana arran de la <a href=\"http:\/\/www.rtvv.es\/va\/ciencia_i_tecnologia\/Windows-aplicacio-treballar-valencia-operatiu_0_422957772.html\" target=\"_blank\">not\u00edcia<\/a> de Canal 9 sobre \u00abWindows presenta una aplicaci\u00f3 per a treballar en valenci\u00e0 en el sistema operatiu\u00bb. La nota de premsa de Softcal\u00e0 deixa ben clar l&#8217;abats gallinaci de la iniciativa del govern de Francisco Camps:<\/p>\n<blockquote>\n<h2>El Windows i l&#8217;Office subtitulats releguen el valenci\u00e0 fora dels est\u00e0ndards internacionals de traducci\u00f3 de programari<\/h2>\n<h3>Softcatal\u00e0<\/h3>\n<h3>Softcatal\u00e0 nega que hi hagi un Windows i un Office en valenci\u00e0, tal com afirma la Generalitat Valenciana, i mostra la m\u00e9s absoluta disconformitat amb el <span class=\"versaleta\">clip<\/span> en valenci\u00e0 de Microsoft<\/h3>\n<p>El passat 7 de febrer, la presidenta de Microsoft Ib\u00e9rica, Mar\u00eda Gara\u00f1a, i el president de la Generalitat Valenciana, Francisco Camps, van presentar a Val\u00e8ncia el <a href=\"http:\/\/www.edu.gva.es\/polin\/val\/publi_clip.html\" target=\"_blank\"><span class=\"versaleta\">clip<\/span><\/a> <em>(Captions Language Interface Pack)<\/em> de valenci\u00e0, una aplicaci\u00f3 que subtitula al valenci\u00e0 els men\u00fas del Windows 7, Office 2010 i altres programes inform\u00e0tics. Aquest producte \u00e9s el resultat de l&#8217;acord que Microsoft i la Generalitat Valenciana <a href=\"http:\/\/www.pagina26.com\/tendencies\/10701-microsoft-realitzara-una-versio-en-valencia-de-windows-7-i-de-loffice-2007.html\" target=\"_blank\">signaren<\/a> fa un any per impulsar la difusi\u00f3 i \u00fas del valenci\u00e0 en l&#8217;\u00e0mbit de les tecnologies de la informaci\u00f3 i comunicaci\u00f3 <span class=\"versaleta\">(tic)<\/span>. L&#8217;adaptaci\u00f3 d&#8217;aquest producte ha estat duta a terme per l&#8217;\u00c0rea de Pol\u00edtica Ling\u00fc\u00edstica de la Secretaria Aut\u00f2noma d&#8217;Educaci\u00f3 de la Generalitat. Segons Microsoft, amb aquesta tecnologia <em>els usuaris poden aix\u00ed <a href=\"http:\/\/blogs.technet.com\/b\/microsoftblog_es\/archive\/2011\/02\/07\/clip-optimiza-windows-7-y-office-2010-al-valenciano.aspx\" target=\"_blank\">incorporar<\/a> el valenci\u00e0 als seus ordinadors.<\/em><\/p>\n<p>Igualment, el president valenci\u00e0 i altres membres del govern han donat a entendre que per primer cop el valenci\u00e0 era present a les tecnologies de la informaci\u00f3 i la comunicaci\u00f3 (TIC) [<a href=\"http:\/\/www.levante-emv.com\/comunitat-valenciana\/2011\/02\/07\/valenciano-llega-microsoft\/780756.html\" target=\"_blank\">veg.<\/a> <em>Levante<\/em>]. Es pot veure un exemple d&#8217;aquesta tecnologia en aquest <a href=\"http:\/\/youtu.be\/hUXlud1WJp0\" target=\"_blank\">v\u00eddeo<\/a>.<\/p>\n<p><strong>Les caracter\u00edstiques del producte presentat per Microsoft i les afirmacions governamentals sobre aquest (allunyades de la realitat del producte) han causat estupor entre els membres de Softcatal\u00e0.<\/strong><\/p>\n<h3>Aclariments<\/h3>\n<p>Des de Softcatal\u00e0 creiem que \u00e9s necessari aclarir a la ciutadania, usuaris, mitjans de comunicaci\u00f3 i responsables pol\u00edtics quina \u00e9s la realitat del producte presentat per Microsoft i la Generalitat Valenciana.<\/p>\n<p><strong>1. Traducci\u00f3 per subt\u00edtols, una tecnologia inexistent fins ara en la traducci\u00f3 de programari<\/strong><\/p>\n<p>La tecnologia <span class=\"versaleta\">clip<\/span> presentada per Microsoft \u00e9s in\u00e8dita: no coneixem cap programa inform\u00e0tic que utilitzi la subtitulaci\u00f3. Quan una empresa o una comunitat vol adaptar un producte als usuaris, el que s&#8217;ha fet fins ara \u00e9s traduir el producte total o parcialment. Microsoft ja fa traduccions a l&#8217;est\u00e0ndard general de la llengua catalana mitjan\u00e7ant paquets LIP <em>(Language Interface Pack).<\/em> En aquest sentit, <strong>un paquet <span class=\"versaleta\">clip<\/span> \u00e9s un clar pas endarrere en relaci\u00f3 a un paquet LIP, i duu a l&#8217;extrem la subordinaci\u00f3 del catal\u00e0 a l&#8217;espanyol o l&#8217;angl\u00e8s, les \u00faniques lleng\u00fces en qu\u00e8 funciona el paquet <span class=\"versaleta\">clip<\/span> de valenci\u00e0.<\/strong><\/p>\n<p>L&#8217;\u00fanic equivalent a la tecnologia <span class=\"versaleta\">clip<\/span> que coneixem \u00e9s el de traductors i ajudes contextuals, utilitzats en l&#8217;aprenentatge de lleng\u00fces estrangeres per tal que els usuaris puguin utilitzar els productes en la llengua original, i no pas per utilitzar-ne la pr\u00f2pia. Des d&#8217;un punt de vista t\u00e8cnic, <strong>el paquet <span class=\"versaleta\">clip<\/span> de valenci\u00e0 estaria orientat a qu\u00e8 els valencianoparlants aprenguessin castell\u00e0 o angl\u00e8s, m\u00e9s que no pas a utilitzar el valenci\u00e0.<\/strong><\/p>\n<p><strong>2. La traducci\u00f3 a variants dialectals \u00e9s un fet com\u00fa en la inform\u00e0tica<\/strong><\/p>\n<p>La traducci\u00f3 a variants \u00e9s un fet com\u00fa arreu del m\u00f3n. Fa anys que Softcatal\u00e0 mant\u00e9 relaci\u00f3 amb institucions acad\u00e8miques i entitats c\u00edviques valencianes per tal d&#8217;adaptar les traduccions de l&#8217;est\u00e0ndard general a la variant valenciana. Aix\u00f2 ha dut a la creaci\u00f3 de la iniciativa <a href=\"http:\/\/www.softvalencia.org\/\" target=\"_blank\">Softvalenci\u00e0<\/a>, amb una <a href=\"http:\/\/www.softvalencia.org\/proposta\/\" target=\"_blank\">guia<\/a> d&#8217;estil de traducci\u00f3 per al valenci\u00e0 i diverses eines inform\u00e0tiques que permeten crear molt f\u00e0cilment versions valencianes a partir de les catalanes (i a l&#8217;inrev\u00e9s) en segons i a un cost nul (amb un posterior control de qualitat est\u00e0ndard).<\/p>\n<p>Actualment els usuaris valencians disposen de les versions en valenci\u00e0 del principal programari lliure (OpenOffice.org, Firefox, Thunderbird, Gnome, Ubuntu, Gimp, LibreOffice, etc.), aix\u00ed com eines ling\u00fc\u00edstiques (traductors i correctors) adaptades al valenci\u00e0.<\/p>\n<p><strong>Softcatal\u00e0 ofereix aquests recursos i eines a qualsevol altra iniciativa que vulgui adaptar els seus productes al valenci\u00e0,<\/strong> amb el benent\u00e8s que es faran servir respectant la normativa ling\u00fc\u00edstica acad\u00e8mica i els codis internacionals de llengua i variants dialectals (normes <span class=\"versaleta\">iso<\/span> i <span class=\"versaleta\">bcp-47<\/span>), amb la utilitzaci\u00f3 dels codis <em>ca<\/em> (catal\u00e0, valenci\u00e0), <em>ca-valencia<\/em> (variant valenciana del catal\u00e0), <em>ca_ES-valencia<\/em> (variant valenciana del catal\u00e0, Espanya). En el cas dels entorns Linux, fa temps que s&#8217;utilitzen els seus equivalents <em>ca@valencia<\/em> i <em>ca_ES@valencia,<\/em> que asseguren la compatibilitat de les traduccions valencianes.<\/p>\n<p><strong>3. El Govern valenci\u00e0 del <span class=\"versaleta\">pp<\/span> fa anys que intenta separar el valenci\u00e0 del catal\u00e0 en l&#8217;\u00e0mbit inform\u00e0tic<\/strong><\/p>\n<p>Softcatal\u00e0 t\u00e9 plena const\u00e0ncia que en els darrers anys el Govern valenci\u00e0 del <span class=\"versaleta\">pp<\/span> ha promogut activament la separaci\u00f3 del valenci\u00e0 del catal\u00e0 en l&#8217;\u00e0mbit inform\u00e0tic. En concret, ha intentat que, a les comunitats de programari lliure, les traduccions al valenci\u00e0 evitin utilitzar cap codi de llengua que relacioni el valenci\u00e0 amb el catal\u00e0 i, fins i tot, ha preferit la utilitzaci\u00f3 del codi d&#8217;estat del Vatic\u00e0 <span class=\"versaleta\">(va)<\/span> en lloc dels codis que la normativa internacional determina per al valenci\u00e0.<\/p>\n<p>La mateixa distribuci\u00f3 Linux del Govern valenci\u00e0 (LliureX) utilitza un codi de llengua local (<em>qcv<\/em> i <em>qcv_ES<\/em>) que trenca de forma premeditada la compatibilitat de les traduccions valencianes amb les traduccions al catal\u00e0, tot i que ens consta que les traduccions al valenci\u00e0 es van fer aprofitant les traduccions al catal\u00e0. Igualment, el Govern valenci\u00e0 ha preferit que les traduccions al valenci\u00e0 es facin en el marc d&#8217;equips de traducci\u00f3 a l&#8217;espanyol m\u00e9s que no pas en el marc d&#8217;equips de traducci\u00f3 al catal\u00e0.<\/p>\n<p><strong>Peticions a Microsoft i a la Generalitat Valenciana<\/strong><\/p>\n<p>Des de Softcatal\u00e0 entenem que l&#8217;objectiu compartit \u00e9s que els usuaris valencians puguin triar lliurement la utilitzaci\u00f3 dels productes inform\u00e0tics en valenci\u00e0, en l&#8217;est\u00e0ndard general del catal\u00e0 o en qualsevol altra llengua. A m\u00e9s de dur a terme pol\u00edtiques que promocionin l&#8217;\u00fas de programari en valenci\u00e0, que actualment pateix una minoritzaci\u00f3 extrema.<\/p>\n<p>\u00c9s per aix\u00f2 que volem fer-los un seguit de peticions.<\/p>\n<p>A Microsoft:<\/p>\n<ul>\n<li>Que tracti el catal\u00e0 i qualsevol de les seves variants com a llengua de ple dret. Entenem que la dimensi\u00f3 del mercat catalanoparlant no justifica ni paquets <span class=\"versaleta\">clip<\/span> ni paquets <span class=\"versaleta\">lip<\/span> parcials amb defici\u00e8ncies t\u00e8cniques (sense canviar la configuraci\u00f3 regional, ni el teclat, ni la llengua d&#8217;identificaci\u00f3 del navegador).\n<li>Que respecti els codis internacionals de lleng\u00fces i variants dialectals per tal d&#8217;assegurar la compatibilitat entre les traduccions a l&#8217;est\u00e0ndard general de la llengua catalana i les del valenci\u00e0.\n<\/ul>\n<p>A la Generalitat Valenciana:<\/p>\n<ul>\n<li>Que posi fi a les seves maniobres de separar el valenci\u00e0 del catal\u00e0 en l&#8217;\u00e0mbit de la inform\u00e0tica.\n<li>Que accepti els codis internacionals de llengua i variants, on el valenci\u00e0 t\u00e9 perfecta cabuda.\n<li>Que inici\u00ef una pol\u00edtica ling\u00fc\u00edstica per promocionar i prestigiar l&#8217;\u00fas del programari en valenci\u00e0.\n<\/ul>\n<\/blockquote>\n","protected":false},"excerpt":{"rendered":"<p>Softcatal\u00e0 aclarix els bombos i platerets de la Generalitat valenciana arran de la not\u00edcia de Canal 9 sobre \u00abWindows presenta una aplicaci\u00f3 per a treballar en valenci\u00e0 en el sistema operatiu\u00bb. La nota de premsa de Softcal\u00e0 deixa ben clar l&#8217;abats gallinaci de la iniciativa del govern de Francisco Camps: El Windows i l&#8217;Office subtitulats [&hellip;]<\/p>\n","protected":false},"author":2,"featured_media":0,"comment_status":"open","ping_status":"open","sticky":false,"template":"","format":"standard","meta":{"footnotes":""},"categories":[7,1,12,19],"tags":[68],"class_list":["post-1971","post","type-post","status-publish","format-standard","hentry","category-empreses","category-general","category-informatica","category-politica","tag-associacions"],"_links":{"self":[{"href":"https:\/\/www.cdlpv.org\/dtl\/wp-json\/wp\/v2\/posts\/1971","targetHints":{"allow":["GET"]}}],"collection":[{"href":"https:\/\/www.cdlpv.org\/dtl\/wp-json\/wp\/v2\/posts"}],"about":[{"href":"https:\/\/www.cdlpv.org\/dtl\/wp-json\/wp\/v2\/types\/post"}],"author":[{"embeddable":true,"href":"https:\/\/www.cdlpv.org\/dtl\/wp-json\/wp\/v2\/users\/2"}],"replies":[{"embeddable":true,"href":"https:\/\/www.cdlpv.org\/dtl\/wp-json\/wp\/v2\/comments?post=1971"}],"version-history":[{"count":0,"href":"https:\/\/www.cdlpv.org\/dtl\/wp-json\/wp\/v2\/posts\/1971\/revisions"}],"wp:attachment":[{"href":"https:\/\/www.cdlpv.org\/dtl\/wp-json\/wp\/v2\/media?parent=1971"}],"wp:term":[{"taxonomy":"category","embeddable":true,"href":"https:\/\/www.cdlpv.org\/dtl\/wp-json\/wp\/v2\/categories?post=1971"},{"taxonomy":"post_tag","embeddable":true,"href":"https:\/\/www.cdlpv.org\/dtl\/wp-json\/wp\/v2\/tags?post=1971"}],"curies":[{"name":"wp","href":"https:\/\/api.w.org\/{rel}","templated":true}]}}