{"id":197,"date":"2007-10-13T20:51:52","date_gmt":"2007-10-13T19:51:52","guid":{"rendered":"http:\/\/www.cdlpv.org\/dtl\/?p=197"},"modified":"2007-10-13T20:51:52","modified_gmt":"2007-10-13T19:51:52","slug":"la-llengua-de-signes-al-parlament-espanyol","status":"publish","type":"post","link":"https:\/\/www.cdlpv.org\/dtl\/2007\/10\/13\/la-llengua-de-signes-al-parlament-espanyol\/","title":{"rendered":"La llengua de signes al parlament espanyol"},"content":{"rendered":"<p>Una nova varietat ling\u00fc\u00edstica, la llengua de signes, ha arribat al parlament espanyol. Ara caldr\u00e0 comprovar si per ac\u00ed anem resolent la discriminaci\u00f3 del catal\u00e0 (i de la resta de lleng\u00fces de l&#8217;estat), o potser els sords catalans tamb\u00e9 hauran de ser tan \u00abiguals\u00bb com els o\u00efdors catalans, \u00e9s a dir, menys iguals que els espanyols.<\/p>\n<p>La not\u00edcia del diari <em>El Pa\u00eds<\/em> (<a href=\"http:\/\/www.elpais.com\/articulo\/sociedad\/orgullo\/sordo\/elpepusoc\/20071011elpepisoc_12\/Tes\" target=\"_blank\">11.10.2007<\/a>; l&#8217;hem tradu\u00efda amb l&#8217;ajuda de l&#8217;Internostrum) \u00e9s la seg\u00fcent:<\/p>\n<blockquote>\n<h2>El Parlament aprova per unanimitat el reconeixement de la llengua de signes<\/h2>\n<h5>Juan G. Bedoya &#8211; Madrid &#8211; 11.10.2007<\/h5>\n<p>Per fi, la llengua de signes. Despr\u00e9s de d\u00e8cades \u00abd&#8217;esfor\u00e7 i frustraci\u00f3\u00bb, la Confederaci\u00f3 Estatal de Persones Sordes (CNSE) va rebre ahir amb goig l&#8217;aprovaci\u00f3 per les Corts, en votaci\u00f3 un\u00e0nime del Senat, de la llengua natural de les persones sordes. \u00abNo \u00e9s el remei immediat per a segles de discriminaci\u00f3, per\u00f2 s\u00ed una potent eina per a tombar moltes de les barreres de comunicaci\u00f3 existents\u00bb, va dir el seu president, Luis J. Can\u00f3.<\/p>\n<p>L&#8217;orgull sord, com es va con\u00e9ixer als <span class=\"versaleta\">EU<\/span>, fa una mica m\u00e9s de 50 anys, el moviment en favor de \u00abla sobirania existencial\u00bb de les persones sordes &mdash;i de molts altres col\u00b7lectius marginats&mdash;, es va basar en investigacions ling\u00fc\u00edstiques que demostraven que la llengua de signes t\u00e9 totes les caracter\u00edstiques pr\u00f2pies de les lleng\u00fces i la mateixa funcionalitat per a pensar, comunicar i manejar conceptes. Per\u00f2 la llengua de signes no \u00e9s universal. Cada pa\u00eds t\u00e9 el seu propi idioma. En Espanya s&#8217;utilitza la llengua de signes espanyola (LSE) i, a Catalunya, la llengua de signes catalana (LSC). La ra\u00f3 \u00e9s que les diferents comunitats de persones sordes, com s&#8217;esdev\u00e9 amb les lleng\u00fces orals, han establit signes propis per a designar els diferents conceptes, aix\u00ed com estructures gramaticals singulars.<\/p>\n<p>La llengua de signes ha estat un idioma proscrit moltes vegades a Espanya. Les persones sordes s&#8217;educaven en escoles on se&#8217;ls prohibia usar-la i, en la vida di\u00e0ria, havien de superar tot tipus d&#8217;obstacles, fins i tot els que havien triomfat en la societat. Un exemple \u00e9s el que li va passar al millor esportista sord espanyol, Javier Soto (Hondarribia, Guip\u00fascoa, 1977), llicenciat universitari i diverses vegades campi\u00f3 del m\u00f3n i d&#8217;Europa fins i tot en proves per a o\u00efdors. En una carrera oficial de 400 metres, els jutges van donar eixida falsa, per\u00f2 Soto no va poder adonar-se de la indicaci\u00f3 que manava parar. Va estar corrent pel seu carrer 200 metres, perseguit pels jutges per a avisar-li que l&#8217;eixida havia estat nul\u00b7la. \u00abPodeu imaginar-ho, tot el m\u00f3n reia de l&#8217;espectacle que vaig protagonitzar\u00bb, conta. Fa d\u00e8cades que altres pa\u00efsos europeus van resoldre eixe tipus de situacions amb lleis i tecnologia adequades.<\/p>\n<p>La llei aprovada ahir tracta d&#8217;evitar discriminacions molt pitjors. \u00abAra han de caure els obstacles que ens han impedit accedir a l&#8217;educaci\u00f3, a la sanitat, al coneixement, a la just\u00edcia, a tants \u00e0mbits als quals qualsevol persona o\u00efdora accedix sense dificultat. Comencem a estar m\u00e9s prop de ser iguals\u00bb, diu Luis J. Can\u00f3. Per a aix\u00f2 reclama \u00abuna assignaci\u00f3 suficient en els pressupostos de l&#8217;estat per a 2008\u00bb. \u00abEl dret de les persones sordes a gaudir de serveis i recursos que fins a ara no estaven garantits exigix comptar amb els mitjans necessaris. Seria lamentable haver de seguir esperant per falta de recursos\u00bb, advertix el president de la CNSE. Ahir va acudir al Senat acompanyat d&#8217;un centenar de persones, assegudes en la tribuna de convidats, membres, totes elles, d&#8217;associacions d&#8217;afectats. Despr\u00e9s de la votaci\u00f3, els senadors es van posar drets i els van aplaudir.<\/p>\n<p>En Espanya hi ha un mili\u00f3 de sords, dels quals 7.000 s\u00f3n menors de 6 anys. 400.000 persones usen la llengua de signes i hi ha 500 int\u00e8rprets acreditats, que realitzen 40.000 serveis anuals en centres d&#8217;ensenyament, hospitals, comissaries, jutjats o espais culturals. En molts pa\u00efsos europeus, hi ha un int\u00e8rpret per cada deu persones sordes; a Espanya, un per cada 221.<\/p>\n<\/blockquote>\n","protected":false},"excerpt":{"rendered":"<p>Una nova varietat ling\u00fc\u00edstica, la llengua de signes, ha arribat al parlament espanyol. Ara caldr\u00e0 comprovar si per ac\u00ed anem resolent la discriminaci\u00f3 del catal\u00e0 (i de la resta de lleng\u00fces de l&#8217;estat), o potser els sords catalans tamb\u00e9 hauran de ser tan \u00abiguals\u00bb com els o\u00efdors catalans, \u00e9s a dir, menys iguals que els [&hellip;]<\/p>\n","protected":false},"author":2,"featured_media":0,"comment_status":"open","ping_status":"open","sticky":false,"template":"","format":"standard","meta":{"footnotes":""},"categories":[4,1,47,19,24],"tags":[],"class_list":["post-197","post","type-post","status-publish","format-standard","hentry","category-dret","category-general","category-planificacio","category-politica","category-requisit-linguistic"],"_links":{"self":[{"href":"https:\/\/www.cdlpv.org\/dtl\/wp-json\/wp\/v2\/posts\/197","targetHints":{"allow":["GET"]}}],"collection":[{"href":"https:\/\/www.cdlpv.org\/dtl\/wp-json\/wp\/v2\/posts"}],"about":[{"href":"https:\/\/www.cdlpv.org\/dtl\/wp-json\/wp\/v2\/types\/post"}],"author":[{"embeddable":true,"href":"https:\/\/www.cdlpv.org\/dtl\/wp-json\/wp\/v2\/users\/2"}],"replies":[{"embeddable":true,"href":"https:\/\/www.cdlpv.org\/dtl\/wp-json\/wp\/v2\/comments?post=197"}],"version-history":[{"count":0,"href":"https:\/\/www.cdlpv.org\/dtl\/wp-json\/wp\/v2\/posts\/197\/revisions"}],"wp:attachment":[{"href":"https:\/\/www.cdlpv.org\/dtl\/wp-json\/wp\/v2\/media?parent=197"}],"wp:term":[{"taxonomy":"category","embeddable":true,"href":"https:\/\/www.cdlpv.org\/dtl\/wp-json\/wp\/v2\/categories?post=197"},{"taxonomy":"post_tag","embeddable":true,"href":"https:\/\/www.cdlpv.org\/dtl\/wp-json\/wp\/v2\/tags?post=197"}],"curies":[{"name":"wp","href":"https:\/\/api.w.org\/{rel}","templated":true}]}}