{"id":1961,"date":"2011-02-08T11:47:27","date_gmt":"2011-02-08T10:47:27","guid":{"rendered":"http:\/\/www.cdlpv.org\/dtl\/?p=1961"},"modified":"2011-02-08T11:47:27","modified_gmt":"2011-02-08T10:47:27","slug":"orelleres-per-a-qui-no-vol-escoltar","status":"publish","type":"post","link":"https:\/\/www.cdlpv.org\/dtl\/2011\/02\/08\/orelleres-per-a-qui-no-vol-escoltar\/","title":{"rendered":"Orelleres per a qui no vol escoltar"},"content":{"rendered":"<p>Hi ha pol\u00edtics que a voltes fan articles que conv\u00e9 tindre en compte, com ara l&#8217;article seg\u00fcent d&#8217;I\u00f1aki Anasagasti (<a href=\"http:\/\/www.deia.com\/2011\/02\/06\/opinion\/tribuna-abierta\/en-que-consiste-el-especial-respeto-y-proteccion-para-la-caverna\" target=\"_blank\"><em>Deia.com<\/em><\/a>)<em>:<\/em><\/p>\n<blockquote>\n<h2>En qu\u00e8 consistix l&#8217;\u00abespecial respete i protecci\u00f3\u00bb per a la caverna<\/h2>\n<h3>No han apr\u00e9s res. O millor, no han volgut aprendre res. En trenta-cinc anys. Ni el pluriling\u00fcisme ni la plurinacionalitat. No m&#8217;estranya que Pujar diga el que diu. La xicoira per a tots no servix. El model, este model, auton\u00f2mic ha fracasssat.<\/h3>\n[&#8230;]\n<p>\u00bf\u00c9s car? Segons eixe criteri la democr\u00e0cia \u00e9s cara i per tant caldria eliminar eleccions, tribunals, actes oficials, parlaments i tot all\u00f2 que no sigui estrictament necessari per a viure. Alg\u00fa ordena i els altres obe\u00efxen. Amb la convenci\u00f3 de Sevilla del <span class=\"versaleta\">pp<\/span> es paguen deu anys d&#8217;orelleres. \u00c9s clar, no hi ha res m\u00e9s car que una dictadura. En llibertats, en dignitat, en p\u00e8rdua de la pr\u00f2pia autoestima de la societat.<\/p>\n[&#8230;]\n<\/blockquote>\n","protected":false},"excerpt":{"rendered":"<p>Hi ha pol\u00edtics que a voltes fan articles que conv\u00e9 tindre en compte, com ara l&#8217;article seg\u00fcent d&#8217;I\u00f1aki Anasagasti (Deia.com): En qu\u00e8 consistix l&#8217;\u00abespecial respete i protecci\u00f3\u00bb per a la caverna No han apr\u00e9s res. O millor, no han volgut aprendre res. En trenta-cinc anys. Ni el pluriling\u00fcisme ni la plurinacionalitat. No m&#8217;estranya que Pujar [&hellip;]<\/p>\n","protected":false},"author":2,"featured_media":0,"comment_status":"open","ping_status":"open","sticky":false,"template":"","format":"standard","meta":{"footnotes":""},"categories":[36,2,4,1,19,27],"tags":[190,478,491],"class_list":["post-1961","post","type-post","status-publish","format-standard","hentry","category-allofobia","category-comunicacio","category-dret","category-general","category-politica","category-sociolinguistica","tag-estat-espanyol","tag-traduccio-simultania","tag-unio-europea"],"_links":{"self":[{"href":"https:\/\/www.cdlpv.org\/dtl\/wp-json\/wp\/v2\/posts\/1961","targetHints":{"allow":["GET"]}}],"collection":[{"href":"https:\/\/www.cdlpv.org\/dtl\/wp-json\/wp\/v2\/posts"}],"about":[{"href":"https:\/\/www.cdlpv.org\/dtl\/wp-json\/wp\/v2\/types\/post"}],"author":[{"embeddable":true,"href":"https:\/\/www.cdlpv.org\/dtl\/wp-json\/wp\/v2\/users\/2"}],"replies":[{"embeddable":true,"href":"https:\/\/www.cdlpv.org\/dtl\/wp-json\/wp\/v2\/comments?post=1961"}],"version-history":[{"count":0,"href":"https:\/\/www.cdlpv.org\/dtl\/wp-json\/wp\/v2\/posts\/1961\/revisions"}],"wp:attachment":[{"href":"https:\/\/www.cdlpv.org\/dtl\/wp-json\/wp\/v2\/media?parent=1961"}],"wp:term":[{"taxonomy":"category","embeddable":true,"href":"https:\/\/www.cdlpv.org\/dtl\/wp-json\/wp\/v2\/categories?post=1961"},{"taxonomy":"post_tag","embeddable":true,"href":"https:\/\/www.cdlpv.org\/dtl\/wp-json\/wp\/v2\/tags?post=1961"}],"curies":[{"name":"wp","href":"https:\/\/api.w.org\/{rel}","templated":true}]}}