{"id":1925,"date":"2011-02-03T13:43:25","date_gmt":"2011-02-03T12:43:25","guid":{"rendered":"http:\/\/www.cdlpv.org\/dtl\/?p=1925"},"modified":"2011-02-03T13:43:25","modified_gmt":"2011-02-03T12:43:25","slug":"laptic-publica-lenquesta-del-2009-sobre-tarifes","status":"publish","type":"post","link":"https:\/\/www.cdlpv.org\/dtl\/2011\/02\/03\/laptic-publica-lenquesta-del-2009-sobre-tarifes\/","title":{"rendered":"L&#8217;APTIC publica l&#8217;enquesta del 2009 sobre tarifes"},"content":{"rendered":"<p>Un dubte recurrent entre els qui es llancen a treballar en el sector de la traducci\u00f3 i correcci\u00f3 s\u00f3n els preus que han de cobrar per la seua faena. L&#8217;Associaci\u00f3 Professional de Traductors i Int\u00e8rprets de Catalunya <span class=\"versaleta\">(aptic)<\/span> fa una tasca informativa molt important en este sentit:<\/p>\n<blockquote>\n<h2>Enquesta de tarifes de l&#8217;<span class=\"versaleta\">aptic<\/span> 2009<\/h2>\n<p>Ja podeu consultar els resultats de l&#8217;<a href=\"http:\/\/www.aptic.cat\/noticia\/enquesta-de-tarifes-de-l-aptic-2009?utm_source=feedburner&#038;utm_medium=email&#038;utm_campaign=Feed%3A+articlesaptic+%28Articles+de+l%27APTIC%29\" target=\"_blank\">enquesta de tarifes<\/a> de l\u2019<span class=\"versaleta\">aptic<\/span> 2009. Tamb\u00e9 teniu disponible la versi\u00f3 en castell\u00e0.<\/p>\n<p>Aquesta enquesta, que t\u00e9 vocaci\u00f3 de continu\u00eftat i es far\u00e0 cada dos anys, t\u00e9 l&#8217;objectiu d&#8217;oferir-nos una orientaci\u00f3 sobre les tarifes que apliquem els socis de l\u2019<span class=\"versaleta\">aptic<\/span> en diferents modalitats de feina i combinacions ling\u00fc\u00edstiques. No \u00e9s una guia de tarifes obligat\u00f2ries, sin\u00f3 que vol servir d&#8217;inspiraci\u00f3 i d&#8217;eina comparativa. Hi trobareu molta informaci\u00f3 a banda de les tarifes; esperem que us sigui \u00fatil i que en la propera edici\u00f3 s&#8217;animi m\u00e9s gent a respondre perqu\u00e8 resulti encara m\u00e9s representativa.<\/p>\n<p>Si teniu dubtes o voleu co&#320;laborar en la pr\u00f2xima enquesta, no dubteu a posar-vos en contacte amb la Comissi\u00f3 de Tarifes!<\/p>\n<p>Atentament,<\/p>\n<p>Comissi\u00f3 de Tarifes<br \/>\n<a href=\"mailto:tarifes@aptic.cat\" target=\"_blank\"><em>tarifes@aptic.cat<\/em><\/a>\n<\/p><\/blockquote>\n","protected":false},"excerpt":{"rendered":"<p>Un dubte recurrent entre els qui es llancen a treballar en el sector de la traducci\u00f3 i correcci\u00f3 s\u00f3n els preus que han de cobrar per la seua faena. L&#8217;Associaci\u00f3 Professional de Traductors i Int\u00e8rprets de Catalunya (aptic) fa una tasca informativa molt important en este sentit: Enquesta de tarifes de l&#8217;aptic 2009 Ja podeu [&hellip;]<\/p>\n","protected":false},"author":2,"featured_media":0,"comment_status":"open","ping_status":"open","sticky":false,"template":"","format":"standard","meta":{"footnotes":""},"categories":[3,7,1,15],"tags":[124,384,448,479],"class_list":["post-1925","post","type-post","status-publish","format-standard","hentry","category-documentacio","category-empreses","category-general","category-laboral","tag-correccions","tag-preus","tag-sous","tag-traduccions"],"_links":{"self":[{"href":"https:\/\/www.cdlpv.org\/dtl\/wp-json\/wp\/v2\/posts\/1925","targetHints":{"allow":["GET"]}}],"collection":[{"href":"https:\/\/www.cdlpv.org\/dtl\/wp-json\/wp\/v2\/posts"}],"about":[{"href":"https:\/\/www.cdlpv.org\/dtl\/wp-json\/wp\/v2\/types\/post"}],"author":[{"embeddable":true,"href":"https:\/\/www.cdlpv.org\/dtl\/wp-json\/wp\/v2\/users\/2"}],"replies":[{"embeddable":true,"href":"https:\/\/www.cdlpv.org\/dtl\/wp-json\/wp\/v2\/comments?post=1925"}],"version-history":[{"count":0,"href":"https:\/\/www.cdlpv.org\/dtl\/wp-json\/wp\/v2\/posts\/1925\/revisions"}],"wp:attachment":[{"href":"https:\/\/www.cdlpv.org\/dtl\/wp-json\/wp\/v2\/media?parent=1925"}],"wp:term":[{"taxonomy":"category","embeddable":true,"href":"https:\/\/www.cdlpv.org\/dtl\/wp-json\/wp\/v2\/categories?post=1925"},{"taxonomy":"post_tag","embeddable":true,"href":"https:\/\/www.cdlpv.org\/dtl\/wp-json\/wp\/v2\/tags?post=1925"}],"curies":[{"name":"wp","href":"https:\/\/api.w.org\/{rel}","templated":true}]}}