{"id":192,"date":"2007-10-05T12:28:41","date_gmt":"2007-10-05T11:28:41","guid":{"rendered":"http:\/\/www.cdlpv.org\/dtl\/?p=192"},"modified":"2007-10-05T12:28:41","modified_gmt":"2007-10-05T11:28:41","slug":"denominacio-oficial-de-xalo","status":"publish","type":"post","link":"https:\/\/www.cdlpv.org\/dtl\/2007\/10\/05\/denominacio-oficial-de-xalo\/","title":{"rendered":"Denominaci\u00f3 oficial de Xal\u00f3"},"content":{"rendered":"<p>El <span class=\"versaleta\">cidaj<\/span> ens envia la informaci\u00f3 seg\u00fcent:<\/p>\n<p>DECRET 166\/2007, de 28 de setembre, del Consell, pel qual s&#8217;aprova el canvi de denominaci\u00f3 del municipi de Jal\u00f3n\/Xal\u00f3 per la forma exclusiva en valenci\u00e0 Xal\u00f3. [2007\/11936] (DOCV n\u00fam. 5&nbsp;611, de 02.10.2007)<br \/>\n<a href=\"http:\/\/www.pre.gva.es\/L\/BASIS\/BDLGVPU\/WEB\/LEV_LISTADOS_TEXTO\/DDW?W%3DSIGNATURA_N=12455+AND+SIGNATURA_A=2007%26R%3DN\" target=\"_blank\">&#8211; vegeu text<\/a><\/p>\n<hr \/>\n<li>Podeu consultar les denominacions oficials dels municipis valencians en esta <a href=\"http:\/\/www.cdlpv.org\/Fitxes\/Textos\/P\/pobles.htm\" target=\"_blank\">fitxa<\/a>.<br \/>\n","protected":false},"excerpt":{"rendered":"<p>El cidaj ens envia la informaci\u00f3 seg\u00fcent: DECRET 166\/2007, de 28 de setembre, del Consell, pel qual s&#8217;aprova el canvi de denominaci\u00f3 del municipi de Jal\u00f3n\/Xal\u00f3 per la forma exclusiva en valenci\u00e0 Xal\u00f3. [2007\/11936] (DOCV n\u00fam. 5&nbsp;611, de 02.10.2007) &#8211; vegeu text Podeu consultar les denominacions oficials dels municipis valencians en esta fitxa.<\/p>\n","protected":false},"author":2,"featured_media":0,"comment_status":"open","ping_status":"open","sticky":false,"template":"","format":"standard","meta":{"footnotes":""},"categories":[1,32],"tags":[372],"class_list":["post-192","post","type-post","status-publish","format-standard","hentry","category-general","category-toponimia","tag-pobles"],"_links":{"self":[{"href":"https:\/\/www.cdlpv.org\/dtl\/wp-json\/wp\/v2\/posts\/192","targetHints":{"allow":["GET"]}}],"collection":[{"href":"https:\/\/www.cdlpv.org\/dtl\/wp-json\/wp\/v2\/posts"}],"about":[{"href":"https:\/\/www.cdlpv.org\/dtl\/wp-json\/wp\/v2\/types\/post"}],"author":[{"embeddable":true,"href":"https:\/\/www.cdlpv.org\/dtl\/wp-json\/wp\/v2\/users\/2"}],"replies":[{"embeddable":true,"href":"https:\/\/www.cdlpv.org\/dtl\/wp-json\/wp\/v2\/comments?post=192"}],"version-history":[{"count":0,"href":"https:\/\/www.cdlpv.org\/dtl\/wp-json\/wp\/v2\/posts\/192\/revisions"}],"wp:attachment":[{"href":"https:\/\/www.cdlpv.org\/dtl\/wp-json\/wp\/v2\/media?parent=192"}],"wp:term":[{"taxonomy":"category","embeddable":true,"href":"https:\/\/www.cdlpv.org\/dtl\/wp-json\/wp\/v2\/categories?post=192"},{"taxonomy":"post_tag","embeddable":true,"href":"https:\/\/www.cdlpv.org\/dtl\/wp-json\/wp\/v2\/tags?post=192"}],"curies":[{"name":"wp","href":"https:\/\/api.w.org\/{rel}","templated":true}]}}