{"id":1919,"date":"2011-01-31T13:46:33","date_gmt":"2011-01-31T12:46:33","guid":{"rendered":"http:\/\/www.cdlpv.org\/dtl\/?p=1919"},"modified":"2011-01-31T13:46:33","modified_gmt":"2011-01-31T12:46:33","slug":"la-satira-de-bernat-i-baldovi","status":"publish","type":"post","link":"https:\/\/www.cdlpv.org\/dtl\/2011\/01\/31\/la-satira-de-bernat-i-baldovi\/","title":{"rendered":"La s\u00e0tira de Bernat i Baldov\u00ed"},"content":{"rendered":"<p>El company Josep Llu\u00eds Mar\u00edn ens envia la informaci\u00f3 seg\u00fcent:<\/p>\n<blockquote><p>\nEl pr\u00f2xim dimecres 9 de febrer es presenta el llibre <em>S\u00e0tira i falles<\/em> de Josep Llu\u00eds Mar\u00edn i Garcia. \u00c9s una edici\u00f3 cr\u00edtica de les explicacions falleres de Bernat i Baldov\u00ed. L&#8217;han coeditat l\u2019Ajuntament de Sueca i la Universitat de Val\u00e8ncia..<\/p>\n<p>La presentaci\u00f3 \u00e9s el 9 de febrer, a les 19:30, al Co&#320;legi Major Rector Peset (pl. Forn de Sant Nicolau, 4), a tocar del Tossal, lloc on es van plantar algunes de les falles en les quals va co&#320;laborar Bernat.\n<\/p><\/blockquote>\n","protected":false},"excerpt":{"rendered":"<p>El company Josep Llu\u00eds Mar\u00edn ens envia la informaci\u00f3 seg\u00fcent: El pr\u00f2xim dimecres 9 de febrer es presenta el llibre S\u00e0tira i falles de Josep Llu\u00eds Mar\u00edn i Garcia. \u00c9s una edici\u00f3 cr\u00edtica de les explicacions falleres de Bernat i Baldov\u00ed. L&#8217;han coeditat l\u2019Ajuntament de Sueca i la Universitat de Val\u00e8ncia.. La presentaci\u00f3 \u00e9s el [&hellip;]<\/p>\n","protected":false},"author":2,"featured_media":0,"comment_status":"open","ping_status":"open","sticky":false,"template":"","format":"standard","meta":{"footnotes":""},"categories":[5,1,22,31],"tags":[199,392],"class_list":["post-1919","post","type-post","status-publish","format-standard","hentry","category-edicio","category-general","category-recerca","category-tmpl","tag-falles","tag-publicacions"],"_links":{"self":[{"href":"https:\/\/www.cdlpv.org\/dtl\/wp-json\/wp\/v2\/posts\/1919","targetHints":{"allow":["GET"]}}],"collection":[{"href":"https:\/\/www.cdlpv.org\/dtl\/wp-json\/wp\/v2\/posts"}],"about":[{"href":"https:\/\/www.cdlpv.org\/dtl\/wp-json\/wp\/v2\/types\/post"}],"author":[{"embeddable":true,"href":"https:\/\/www.cdlpv.org\/dtl\/wp-json\/wp\/v2\/users\/2"}],"replies":[{"embeddable":true,"href":"https:\/\/www.cdlpv.org\/dtl\/wp-json\/wp\/v2\/comments?post=1919"}],"version-history":[{"count":0,"href":"https:\/\/www.cdlpv.org\/dtl\/wp-json\/wp\/v2\/posts\/1919\/revisions"}],"wp:attachment":[{"href":"https:\/\/www.cdlpv.org\/dtl\/wp-json\/wp\/v2\/media?parent=1919"}],"wp:term":[{"taxonomy":"category","embeddable":true,"href":"https:\/\/www.cdlpv.org\/dtl\/wp-json\/wp\/v2\/categories?post=1919"},{"taxonomy":"post_tag","embeddable":true,"href":"https:\/\/www.cdlpv.org\/dtl\/wp-json\/wp\/v2\/tags?post=1919"}],"curies":[{"name":"wp","href":"https:\/\/api.w.org\/{rel}","templated":true}]}}