{"id":1910,"date":"2011-01-27T10:23:49","date_gmt":"2011-01-27T09:23:49","guid":{"rendered":"http:\/\/www.cdlpv.org\/dtl\/?p=1910"},"modified":"2011-01-27T10:23:49","modified_gmt":"2011-01-27T09:23:49","slug":"zinema-euskaraz","status":"publish","type":"post","link":"https:\/\/www.cdlpv.org\/dtl\/2011\/01\/27\/zinema-euskaraz\/","title":{"rendered":"Zinema Euskaraz"},"content":{"rendered":"<p>Mentres a Catalunya regulen per llei la possibilitat dels ciutadans d&#8217;accedir a les produccions cinematogr\u00e0fiques tamb\u00e9 en catal\u00e0, el butllet\u00ed <em>Eusakararen Berripapera<\/em> ens informa de la <a href=\"http:\/\/www.euskara.euskadi.net\/r59-bpeduki\/es\/contenidos\/noticia\/albis25_726_zinema_10_12\/es_zinema\/albis25_726_zinema_10_12.html\" target=\"_blank\">iniciativa<\/a> que s&#8217;ha posat en marxa al Pa\u00eds Basc:<\/p>\n<blockquote>\n<h2>En marxa el programa Zinema Euskaraz<\/h2>\n<p>L&#8217;objectiu de la campanya \u00e9s possibilitar l&#8217;acc\u00e9s de la ciutadania al cinema en \u00e8uscar, tant per a contribuir a garantir una oferta cinematogr\u00e0fica en \u00e8uscar suficient per a aquella poblaci\u00f3 que la so&#320;licite, com per a ajudar al foment de l&#8217;\u00e8uscar com a llengua d&#8217;\u00fas cultural i social.\n<\/p><\/blockquote>\n<p>Al Pa\u00eds Valenci\u00e0, la Generalitat valenciana de Francisco Camps tan sols pren iniciatives fallides o mesures negatives pel que fa a estes q\u00fcestions (declaraci\u00f3 <em>est\u00e8ril<\/em> d&#8217;Ares, ensenyament insuficient fora de les poques l\u00ednies en valenci\u00e0, no-emissi\u00f3 cinematogr\u00e0fica en valenci\u00e0 en Canal 9, \u00fas excloent del castell\u00e0 dels c\u00e0rrecs p\u00fablics i dels diputats valencians en el senat espanyol&#8230;). Contra les mancances oficials, els valencians tenim altres opcions, com ara mirar la <span class=\"versaleta\">tv3<\/span> (els qui encara ho poden fer), rec\u00f3rrer a <a href=\"http:\/\/www.cinemaenvalencia.com\/\" target=\"_blank\">l&#8217;activitat<\/a> suplent que duen a terme algunes universitats valencianes, o mirar de trobar els encara pocs <span class=\"versaleta\">dvd<\/span> que tenen versi\u00f3 en catal\u00e0. En fi, \u00e9s una sort que la lectura i Internet no depenguen dels governs valencians.<\/p>\n","protected":false},"excerpt":{"rendered":"<p>Mentres a Catalunya regulen per llei la possibilitat dels ciutadans d&#8217;accedir a les produccions cinematogr\u00e0fiques tamb\u00e9 en catal\u00e0, el butllet\u00ed Eusakararen Berripapera ens informa de la iniciativa que s&#8217;ha posat en marxa al Pa\u00eds Basc: En marxa el programa Zinema Euskaraz L&#8217;objectiu de la campanya \u00e9s possibilitar l&#8217;acc\u00e9s de la ciutadania al cinema en \u00e8uscar, [&hellip;]<\/p>\n","protected":false},"author":2,"featured_media":0,"comment_status":"open","ping_status":"open","sticky":false,"template":"","format":"standard","meta":{"footnotes":""},"categories":[42,1,47,19],"tags":[196,346],"class_list":["post-1910","post","type-post","status-publish","format-standard","hentry","category-cinema-comunicacio","category-general","category-planificacio","category-politica","tag-euscar","tag-pais-basc"],"_links":{"self":[{"href":"https:\/\/www.cdlpv.org\/dtl\/wp-json\/wp\/v2\/posts\/1910","targetHints":{"allow":["GET"]}}],"collection":[{"href":"https:\/\/www.cdlpv.org\/dtl\/wp-json\/wp\/v2\/posts"}],"about":[{"href":"https:\/\/www.cdlpv.org\/dtl\/wp-json\/wp\/v2\/types\/post"}],"author":[{"embeddable":true,"href":"https:\/\/www.cdlpv.org\/dtl\/wp-json\/wp\/v2\/users\/2"}],"replies":[{"embeddable":true,"href":"https:\/\/www.cdlpv.org\/dtl\/wp-json\/wp\/v2\/comments?post=1910"}],"version-history":[{"count":0,"href":"https:\/\/www.cdlpv.org\/dtl\/wp-json\/wp\/v2\/posts\/1910\/revisions"}],"wp:attachment":[{"href":"https:\/\/www.cdlpv.org\/dtl\/wp-json\/wp\/v2\/media?parent=1910"}],"wp:term":[{"taxonomy":"category","embeddable":true,"href":"https:\/\/www.cdlpv.org\/dtl\/wp-json\/wp\/v2\/categories?post=1910"},{"taxonomy":"post_tag","embeddable":true,"href":"https:\/\/www.cdlpv.org\/dtl\/wp-json\/wp\/v2\/tags?post=1910"}],"curies":[{"name":"wp","href":"https:\/\/api.w.org\/{rel}","templated":true}]}}