{"id":1907,"date":"2011-01-21T12:46:18","date_gmt":"2011-01-21T11:46:18","guid":{"rendered":"http:\/\/www.cdlpv.org\/dtl\/?p=1907"},"modified":"2011-01-21T12:46:18","modified_gmt":"2011-01-21T11:46:18","slug":"youtube-te-versio-en-catala","status":"publish","type":"post","link":"https:\/\/www.cdlpv.org\/dtl\/2011\/01\/21\/youtube-te-versio-en-catala\/","title":{"rendered":"Youtube t\u00e9 versi\u00f3 en catal\u00e0 gr\u00e0cies a un elx\u00e0"},"content":{"rendered":"<p>Una bona not\u00edcia que podem llegir en <em>Eldebat.cat<\/em> (20.01.2011) la not\u00edcia seg\u00fcent:<\/p>\n<blockquote>\n<h2>YouTube ja parla en catal\u00e0<\/h2>\n<h3><span class=\"versaleta\">acn<\/span><\/h3>\n<p>YouTube parla en catal\u00e0 des d&#8217;aquest dijous. Tota la interf\u00edcie del portal de v\u00eddeo, el m\u00e9s popular d&#8217;Internet, \u00e9s navegable en llengua catalana de la mateixa manera que ja fa temps que ho s\u00f3n altres eines de Google, com ara el cercador o el correu electr\u00f2nic. Aquesta nova aposta arriba gaireb\u00e9 tres mesos despr\u00e9s que un grup d&#8217;internautes van entregar m\u00e9s de 2.000 signatures a Google so&#320;licitant la traducci\u00f3 al catal\u00e0. El responsable d&#8217;aquesta campanya \u00e9s un inform\u00e0tic d&#8217;Elx, en Daniel Olivares, que ha valorat a l&#8217;ACN que &#8216;ja era hora&#8217; que YouTube apost\u00e9s pel catal\u00e0 per la &#8216;normalitzaci\u00f3 de la llengua&#8217; en un servei tan popular. Ara, el seu nou objectiu \u00e9s la traducci\u00f3 del servei de m\u00fasica Spotify.<\/p>\n<p><a href=\"http:\/\/www.eldebat.cat\/cat\/notices\/2011\/01\/youtube_ja_parla_tambe_en_catala_80646.php\" target=\"_blank\">[M\u00e9s&#8230;]<\/a>\n<\/p><\/blockquote>\n","protected":false},"excerpt":{"rendered":"<p>Una bona not\u00edcia que podem llegir en Eldebat.cat (20.01.2011) la not\u00edcia seg\u00fcent: YouTube ja parla en catal\u00e0 acn YouTube parla en catal\u00e0 des d&#8217;aquest dijous. Tota la interf\u00edcie del portal de v\u00eddeo, el m\u00e9s popular d&#8217;Internet, \u00e9s navegable en llengua catalana de la mateixa manera que ja fa temps que ho s\u00f3n altres eines de [&hellip;]<\/p>\n","protected":false},"author":2,"featured_media":0,"comment_status":"open","ping_status":"open","sticky":false,"template":"","format":"standard","meta":{"footnotes":""},"categories":[2,7,1,15,27],"tags":[85,249],"class_list":["post-1907","post","type-post","status-publish","format-standard","hentry","category-comunicacio","category-empreses","category-general","category-laboral","category-sociolinguistica","tag-campanyes","tag-internet"],"_links":{"self":[{"href":"https:\/\/www.cdlpv.org\/dtl\/wp-json\/wp\/v2\/posts\/1907","targetHints":{"allow":["GET"]}}],"collection":[{"href":"https:\/\/www.cdlpv.org\/dtl\/wp-json\/wp\/v2\/posts"}],"about":[{"href":"https:\/\/www.cdlpv.org\/dtl\/wp-json\/wp\/v2\/types\/post"}],"author":[{"embeddable":true,"href":"https:\/\/www.cdlpv.org\/dtl\/wp-json\/wp\/v2\/users\/2"}],"replies":[{"embeddable":true,"href":"https:\/\/www.cdlpv.org\/dtl\/wp-json\/wp\/v2\/comments?post=1907"}],"version-history":[{"count":0,"href":"https:\/\/www.cdlpv.org\/dtl\/wp-json\/wp\/v2\/posts\/1907\/revisions"}],"wp:attachment":[{"href":"https:\/\/www.cdlpv.org\/dtl\/wp-json\/wp\/v2\/media?parent=1907"}],"wp:term":[{"taxonomy":"category","embeddable":true,"href":"https:\/\/www.cdlpv.org\/dtl\/wp-json\/wp\/v2\/categories?post=1907"},{"taxonomy":"post_tag","embeddable":true,"href":"https:\/\/www.cdlpv.org\/dtl\/wp-json\/wp\/v2\/tags?post=1907"}],"curies":[{"name":"wp","href":"https:\/\/api.w.org\/{rel}","templated":true}]}}