{"id":1905,"date":"2011-01-21T10:49:08","date_gmt":"2011-01-21T09:49:08","guid":{"rendered":"http:\/\/www.cdlpv.org\/dtl\/?p=1905"},"modified":"2011-01-21T10:49:08","modified_gmt":"2011-01-21T09:49:08","slug":"jornades-sobre-recerca-sociolinguistica","status":"publish","type":"post","link":"https:\/\/www.cdlpv.org\/dtl\/2011\/01\/21\/jornades-sobre-recerca-sociolinguistica\/","title":{"rendered":"Jornades sobre recerca socioling\u00fc\u00edstica"},"content":{"rendered":"<p>Centre Universitari de Socioling\u00fc\u00edstica i Comunicaci\u00f3 (<span class=\"versaleta\">cusc<\/span>) ens envia la informaci\u00f3 seg\u00fcent:<\/p>\n<blockquote><p>\nEls dies 27 i 28 de gener es faran les I Jornades \u00abLa recerca socioling\u00fc\u00edstica en l\u2019\u00e0mbit de la llengua catalana\u00bb, organitzada per la Xarxa CRUSCAT de l\u2019Institut d\u2019Estudis Catalans.<\/p>\n<p>Les jornades tindran lloc a la sala Pere i Joan Coromines de l\u2019Institut d\u2019Estudis Catalans (carrer del Carme, 47, Barcelona) i tenen com a objectiu principal visualitzar la recerca en curs o acabada recentement en l\u2019\u00e0mbit de la socioling\u00fc\u00edstica de la llengua catalana.<\/p>\n<p>Podeu trobar m\u00e9s informaci\u00f3 a <a href=\"http:\/\/cruscat.wordpress.com\" target=\"_blank\"><em>http:\/\/cruscat.wordpress.com<\/em><\/a>. Per inscriure-us, cal que envieu un correu electr\u00f2nic a l\u2019adre\u00e7a <a href=\"mailto:cruscat@gmail.com\" target=\"_blank\"><em>cruscat@gmail.com<\/em><\/a> amb el vostre nom i cognoms, la instituci\u00f3 a la qual pertanyeu i el vostre <span class=\"versaleta\">nif<\/span>.<\/p>\n<hr>\n<\/hr>\n<p>Informaci\u00f3 distribu\u00efda per:<br \/>\nObservatori <span class=\"versaleta\">cusc<\/span> &#8211; Centre Universitari de Socioling\u00fc\u00edstica i Comunicaci\u00f3<br \/>\nTel. 93 403 70 65<br \/>\nFacultat de Filologia (b\u00fastia 191)<br \/>\nUniversitat de Barcelona<br \/>\nGran Via de les Corts Catalanes, 585<br \/>\n08007 Barcelona<br \/>\n<a href=\"http:\/\/www.ub.edu\/cusc\" target=\"_blank\"><em>www.ub.edu\/cusc<\/em><\/a><br \/>\n<a href=\"http:\/\/cuscub.wordpress.com\" target=\"_blank\"><em>http:\/\/cuscub.wordpress.com<\/em><\/a>\n<\/p><\/blockquote>\n","protected":false},"excerpt":{"rendered":"<p>Centre Universitari de Socioling\u00fc\u00edstica i Comunicaci\u00f3 (cusc) ens envia la informaci\u00f3 seg\u00fcent: Els dies 27 i 28 de gener es faran les I Jornades \u00abLa recerca socioling\u00fc\u00edstica en l\u2019\u00e0mbit de la llengua catalana\u00bb, organitzada per la Xarxa CRUSCAT de l\u2019Institut d\u2019Estudis Catalans. Les jornades tindran lloc a la sala Pere i Joan Coromines de l\u2019Institut [&hellip;]<\/p>\n","protected":false},"author":2,"featured_media":0,"comment_status":"open","ping_status":"open","sticky":false,"template":"","format":"standard","meta":{"footnotes":""},"categories":[10,1,22,27],"tags":[258,493],"class_list":["post-1905","post","type-post","status-publish","format-standard","hentry","category-formacio","category-general","category-recerca","category-sociolinguistica","tag-jornades","tag-universitat-de-barcelona"],"_links":{"self":[{"href":"https:\/\/www.cdlpv.org\/dtl\/wp-json\/wp\/v2\/posts\/1905","targetHints":{"allow":["GET"]}}],"collection":[{"href":"https:\/\/www.cdlpv.org\/dtl\/wp-json\/wp\/v2\/posts"}],"about":[{"href":"https:\/\/www.cdlpv.org\/dtl\/wp-json\/wp\/v2\/types\/post"}],"author":[{"embeddable":true,"href":"https:\/\/www.cdlpv.org\/dtl\/wp-json\/wp\/v2\/users\/2"}],"replies":[{"embeddable":true,"href":"https:\/\/www.cdlpv.org\/dtl\/wp-json\/wp\/v2\/comments?post=1905"}],"version-history":[{"count":0,"href":"https:\/\/www.cdlpv.org\/dtl\/wp-json\/wp\/v2\/posts\/1905\/revisions"}],"wp:attachment":[{"href":"https:\/\/www.cdlpv.org\/dtl\/wp-json\/wp\/v2\/media?parent=1905"}],"wp:term":[{"taxonomy":"category","embeddable":true,"href":"https:\/\/www.cdlpv.org\/dtl\/wp-json\/wp\/v2\/categories?post=1905"},{"taxonomy":"post_tag","embeddable":true,"href":"https:\/\/www.cdlpv.org\/dtl\/wp-json\/wp\/v2\/tags?post=1905"}],"curies":[{"name":"wp","href":"https:\/\/api.w.org\/{rel}","templated":true}]}}