{"id":1901,"date":"2011-01-20T09:41:15","date_gmt":"2011-01-20T08:41:15","guid":{"rendered":"http:\/\/www.cdlpv.org\/dtl\/?p=1901"},"modified":"2011-01-20T09:41:15","modified_gmt":"2011-01-20T08:41:15","slug":"flaixos-legislatius-lexicografics-i-empresarials","status":"publish","type":"post","link":"https:\/\/www.cdlpv.org\/dtl\/2011\/01\/20\/flaixos-legislatius-lexicografics-i-empresarials\/","title":{"rendered":"Flaixos legislatius, lexicogr\u00e0fics i empresarials"},"content":{"rendered":"<p>Els <em>Flaixos d\u2019Actualitat<\/em> (<a href=\"http:\/\/www6.gencat.cat\/llengcat\/Flaixos_65\/www20.gencat.cat\/portal\/site\/Llengcat\/menuitem.08f45c9e3857090e3285bdb1b0c0e1a0\/index88fa.html\" target=\"_blank\">n\u00fam. 65<\/a>, 17.01.2011) ens envien, entre altres, la informaci\u00f3 seg\u00fcent:<\/p>\n<blockquote>\n<h2>Canvi d\u2019adscripci\u00f3 de les atribucions en mat\u00e8ria de pol\u00edtica ling\u00fc\u00edstica de la Generalitat<\/h2>\n<p>El nou Govern de la Generalitat ha aprovat dos decrets que afecten l\u2019organitzaci\u00f3 de la pol\u00edtica ling\u00fc\u00edstica de la Generalitat:<\/p>\n<p>&#8211; El Decret 200\/2010, de 27 de desembre, de creaci\u00f3, denominaci\u00f3 i determinaci\u00f3 de l&#8217;\u00e0mbit de compet\u00e8ncia dels departaments de l&#8217;Administraci\u00f3 de la Generalitat de Catalunya, inclou la promoci\u00f3 i foment de la llengua catalana dintre de l&#8217;\u00e0mbit de compet\u00e8ncia del Departament de Cultura (article 3.8). Es pot consultar a: <a href=\"http:\/\/www.gencat.cat\/diari\/5785\/10362138.htm\" target=\"_blank\"><em>http:\/\/www.gencat.cat\/diari\/5785\/10362138.htm<\/em><\/a><\/p>\n<p>&#8211; El Decret 45\/2011, de 4 de gener, d&#8217;estructuraci\u00f3 del Departament de Cultura, estableix les funcions de la Direcci\u00f3 General de Pol\u00edtica Ling\u00fc\u00edstica (article 7 i disposicions addicionals). Es pot consultar a: <a href=\"http:\/\/www.gencat.cat\/diari\/5791\/11003162.htm\" target=\"_blank\"><em>http:\/\/www.gencat.cat\/diari\/5791\/11003162.htm<\/em><\/a><\/p>\n<h2>La Generalitat de Catalunya ha publicat la guia \u00abEmpresa i llengua\u00bb<\/h2>\n<p>El Departament de Treball de la Generalitat de Catalunya ha publicat la guia Empresa i llengua. Un enfocament de responsabilitat social empresarial per a aportar valors a tots els grups d&#8217;inter\u00e8s. Elaborada per Josep Maria Canyelles, expert en responsabilitat social de les empreses, la guia promou els aspectes ling\u00fc\u00edstics com un element m\u00e9s en la gesti\u00f3 de la responsabilitat social de les empreses, alhora que ofereix exemples de bones pr\u00e0ctiques aplicables a contextos diversos.<\/p>\n<p>Es pot consultar en l\u00ednia: Empresa i llengua. Un enfocament de responsabilitat social empresarial per a aportar valors a tots els grups d&#8217;inter\u00e8s [<em><a href=\"http:\/\/www20.gencat.cat\/docs\/treball\/03%20-%20Centre%20de%20documentacio\/Documents\/01%20-%20Publicacions\/11%20-%20Responsabilitat%20social%20empreses\/Arxius\/Empresa%20i%20llengua.pdf\" target=\"_blank\"><\/em><span class=\"versaleta\">pdf<\/span><\/a>, 781,43 KB.]\n<h2>Diccionari de serveis socials en l\u00ednia<\/h2>\n<p>El Termcat ha publicat  la versi\u00f3 en l\u00ednia del <em>Diccionari de serveis socials,<\/em> que s\u2019ha elaborat conjuntament amb el Departament d\u2019Acci\u00f3 Social i Ciutadania de la Generalitat de Catalunya i que es va presentar el passat mes de novembre.<\/p>\n<p>L\u2019obra recull gaireb\u00e9 nou-cents termes relatius als serveis socials. Cada terme inclou la denominaci\u00f3 catalana, els equivalents en castell\u00e0 (algunes fitxes contenen tamb\u00e9 equivalents en angl\u00e8s i franc\u00e8s), la definici\u00f3 i, sovint tamb\u00e9, notes explicatives. El diccionari es presenta com una eina pr\u00e0ctica de refer\u00e8ncia per a totes les persones que treballen en el m\u00f3n dels serveis socials i per als professionals d\u2019altres \u00e0mbits que hi actuen de manera coordinada.<\/p>\n<p><a href=\"http:\/\/www.termcat.cat\/ca\/Diccionaris_En_Linia\/118\/\" target=\"_blank\"><em>http:\/\/www.termcat.cat\/ca\/Diccionaris_En_Linia\/118\/<\/em><\/a><\/p>\n<h2>Ens P\u00fablic de Radiotelevisi\u00f3 de les Illes Balears<\/h2>\n<p>El Parlament de les Illes Balears ha aprovat la Llei 15\/2010, de 22 de desembre, de l&#8217;Ens P\u00fablic de Radiotelevisi\u00f3 de les Illes Balears. La Llei cont\u00e9 diverses refer\u00e8ncies a la difusi\u00f3 i la promoci\u00f3 de la llengua catalana, entre les quals: \u00abLa llengua vehicular de tota la programaci\u00f3 \u00e9s el catal\u00e0, d\u2019acord amb el que disposen l\u2019Estatut d\u2019Autonomia de les Illes Balears i la Llei de normalitzaci\u00f3 ling\u00fc\u00edstica, tot respectant les modalitats ling\u00fc\u00edstiques pr\u00f2pies de la llengua\u00bb (art. 26). Es pot consultar a: <em>http:\/\/boib.caib.es\/pdf\/2011002\/mp5.pdf<\/em> <a href=\"http:\/\/boib.caib.es\/pdf\/2011002\/mp5.pdf\" target=\"_blank\"><span class=\"versaleta\">[pdf]<\/span><\/a>.\n<\/p><\/blockquote>\n<p>Sobre la Llei 15\/2010 de les Illes Balears, m\u00e9s detall i un petit comentari en <a href=\"http:\/\/einesdellengua.blogspot.com\/2011\/01\/la-justicia-de-les-normalitats.html\" target=\"_blank\">\u00abLa just\u00edticia de les normalitats\u00bb<\/a>.<\/p>\n","protected":false},"excerpt":{"rendered":"<p>Els Flaixos d\u2019Actualitat (n\u00fam. 65, 17.01.2011) ens envien, entre altres, la informaci\u00f3 seg\u00fcent: Canvi d\u2019adscripci\u00f3 de les atribucions en mat\u00e8ria de pol\u00edtica ling\u00fc\u00edstica de la Generalitat El nou Govern de la Generalitat ha aprovat dos decrets que afecten l\u2019organitzaci\u00f3 de la pol\u00edtica ling\u00fc\u00edstica de la Generalitat: &#8211; El Decret 200\/2010, de 27 de desembre, de [&hellip;]<\/p>\n","protected":false},"author":2,"featured_media":0,"comment_status":"open","ping_status":"open","sticky":false,"template":"","format":"standard","meta":{"footnotes":""},"categories":[2,4,7,1,16,19],"tags":[144,206,274,465],"class_list":["post-1901","post","type-post","status-publish","format-standard","hentry","category-comunicacio","category-dret","category-empreses","category-general","category-lexicografia","category-politica","tag-diccionaris","tag-flaixos-dactualitat","tag-legislacio","tag-televisio"],"_links":{"self":[{"href":"https:\/\/www.cdlpv.org\/dtl\/wp-json\/wp\/v2\/posts\/1901","targetHints":{"allow":["GET"]}}],"collection":[{"href":"https:\/\/www.cdlpv.org\/dtl\/wp-json\/wp\/v2\/posts"}],"about":[{"href":"https:\/\/www.cdlpv.org\/dtl\/wp-json\/wp\/v2\/types\/post"}],"author":[{"embeddable":true,"href":"https:\/\/www.cdlpv.org\/dtl\/wp-json\/wp\/v2\/users\/2"}],"replies":[{"embeddable":true,"href":"https:\/\/www.cdlpv.org\/dtl\/wp-json\/wp\/v2\/comments?post=1901"}],"version-history":[{"count":0,"href":"https:\/\/www.cdlpv.org\/dtl\/wp-json\/wp\/v2\/posts\/1901\/revisions"}],"wp:attachment":[{"href":"https:\/\/www.cdlpv.org\/dtl\/wp-json\/wp\/v2\/media?parent=1901"}],"wp:term":[{"taxonomy":"category","embeddable":true,"href":"https:\/\/www.cdlpv.org\/dtl\/wp-json\/wp\/v2\/categories?post=1901"},{"taxonomy":"post_tag","embeddable":true,"href":"https:\/\/www.cdlpv.org\/dtl\/wp-json\/wp\/v2\/tags?post=1901"}],"curies":[{"name":"wp","href":"https:\/\/api.w.org\/{rel}","templated":true}]}}