{"id":190,"date":"2007-10-02T09:34:52","date_gmt":"2007-10-02T08:34:52","guid":{"rendered":"http:\/\/www.cdlpv.org\/dtl\/?p=190"},"modified":"2007-10-02T09:34:52","modified_gmt":"2007-10-02T08:34:52","slug":"la-ciutat-de-les-llengues-i-dels-diners","status":"publish","type":"post","link":"https:\/\/www.cdlpv.org\/dtl\/2007\/10\/02\/la-ciutat-de-les-llengues-i-dels-diners\/","title":{"rendered":"La ciutat de les lleng\u00fces i dels diners"},"content":{"rendered":"<p>Els t\u00e8cnics i t\u00e8cniques ling\u00fc\u00edstics ens ocupem de la gesti\u00f3 ling\u00fc\u00edstica de les administracions p\u00fabliques. Rebem un sou per una tasca que fem tan b\u00e9 com podem i, moltes vegades, millor del que ens pertocaria, perqu\u00e8 hem de suplir les insufici\u00e8ncies d&#8217;una pol\u00edtica i d&#8217;una planificaci\u00f3 ling\u00fc\u00edstiques dirigides a incomplir els deures ling\u00fc\u00edstics de l&#8217;administraci\u00f3 p\u00fablica i entrebancar l&#8217;exercici dels drets ling\u00fc\u00edstics de la ciutadania.<\/p>\n<p>En canvi, hi ha qui sap traure-li un bon rendiment pecuniari a la q\u00fcesti\u00f3 ling\u00fc\u00edstica. Naturalment, dins del mal econ\u00f2mic i social, encara \u00e9s una sort que els efectes de la seua actuaci\u00f3 siguen nom\u00e9s pressupostaris i no tinguen cap relaci\u00f3 amb la tasca ling\u00fc\u00edstica real.<\/p>\n<p>La not\u00edcia del diari <em><a href=\"http:\/\/www.elpais.com\/articulo\/Comunidad\/Valenciana\/Gimeno\/solo\/ha\/hecho\/contactos\/2005\/Ciudad\/Lenguas\/elpepuespval\/20071001elpval_3\/Tes\" target=\"_blank\">El Pa\u00eds<\/em><\/a> (tradu\u00efda amb l&#8217;ajuda de l&#8217;<a href=\"http:\/\/internostrum.com\" target=\"_blank\">Internostrum<\/a>) \u00e9s la seg\u00fcent:<\/p>\n<blockquote>\n<h2>Gimeno nom\u00e9s ha fet \u00abcontactes\u00bb des de 2005 per a la Ciutat de les Lleng\u00fces<\/h2>\n<h3>La consellera de Cultura admet que no pot donar una data per a la seua engegada<\/h3>\n<h5><em>El Pa\u00eds<\/em> \/ EP &#8211; Val\u00e8ncia &#8211; 01.10.2007<\/h5>\n<p>La consellera de Cultura, Trinitat Mir\u00f3, ha afirmat en resposta a la diputada per Comprom\u00eds Marina Albiol que en quasi tres anys, des que es va presentar el projecte de la Ciutat de les Lleng\u00fces, s&#8217;han fet \u00abcontactes\u00bb que estan pendents de formalitzaci\u00f3. El conseller delegat de Castell\u00f3 Cultural, Jos\u00e9 Luis Gimeno, va deixar al gener de 2005 l&#8217;ajuntament de Castell\u00f3 amb l&#8217;objecte de desenvolupar este nou projecte emblem\u00e0tic del PP, que tamb\u00e9 estava incl\u00f2s en el programa electoral del partit per a materialitzar-lo en l&#8217;anterior mandat.<\/p>\n<p>La consellera de Cultura, Trinitat Mir\u00f3, assenyala en la resposta a la diputada Marina Albiol que, amb la finalitat de fer realitat el projecte Ciutat de les Lleng\u00fces de Castell\u00f3, la societat Castell\u00f3 Cultural, de la qual Jos\u00e9 Luis Gimeno \u00e9s conseller delegat, \u00abha mantingut contactes amb diverses institucions, associacions i professionals de l&#8217;\u00e0mbit de la llengua i la cultura\u00bb, i que est\u00e0 \u00abpendent de formalitzar-se alguns d&#8217;ells per mitj\u00e0 de diferents formes de participaci\u00f3 en el projecte\u00bb.<\/p>\n<p>Aix\u00ed mateix, Mir\u00f3 subratlla que \u00abs&#8217;ha procedit a la constituci\u00f3 d&#8217;una comissi\u00f3 que s&#8217;encarrega de la part educativa i de la definici\u00f3 de les necessitats urban\u00edstiques i arquitect\u00f2niques d&#8217;\u00fas del s\u00f2l\u00bb. No obstant aix\u00f2, subratlla que \u00abel projecte no ha pogut iniciar-se com a tal, ja que no es disposa encara dels terrenys necessaris, que, fins al moment, s&#8217;estan utilitzant com zona aeroportu\u00e0ria\u00bb. Per aix\u00f2, subratlla que no pot donar una data d&#8217;inici del projecte, i remarca referent a aix\u00f2 que \u00aba partir del moment que es dispose dels esmentats terrenys\u00bb, \u00e9s a dir, una vegada estiga en funcionament el futur aeroport de Castell\u00f3, \u00abes calcular\u00e0 el temps necessari per a l&#8217;engegada efectiva de la Ciutat de les Lleng\u00fces de Castell\u00f3\u00bb.<\/p>\n<p>En la seua resposta, Mir\u00f3 subratlla l&#8217;evid\u00e8ncia que la Ciutat de les Lleng\u00fces, aix\u00ed com la resta dels projectes a c\u00e0rrec de la societat Projecte Castell\u00f3 Cultural, \u00abes gestiona a c\u00e0rrec dels pressupostos de l&#8217;esmentada societat an\u00f2nima, sense que hi haja un pressupost o plantilla de personal espec\u00edfic i independent ni per al projecte Ciutat de les Lleng\u00fces ni per a cap altre dels gestionats per l&#8217;entitat Projecte Cultural de Castell\u00f3\u00bb.<\/p>\n<p>Poc es sap sobre el contingut d&#8217;este projecte. Precisament, la passada setmana, el ple de l&#8217;Acad\u00e8mia Valenciana de la Llengua (AVL) va considerar \u00abnecessari\u00bb sol\u00b7licitar a la direcci\u00f3 de Castell\u00f3 Cultural \u00abuna major concreci\u00f3 sobre l&#8217;\u00fas del valenci\u00e0 i sobre el contingut cient\u00edfic del projecte\u00bb. Esta petici\u00f3 va ser conseq\u00fc\u00e8ncia del nomenament de l&#8217;acad\u00e8mica Marisol Gonz\u00e1lez per a formar part de la Comissi\u00f3 d&#8217;Educaci\u00f3 de Castell\u00f3 Cultural atenent una petici\u00f3 d&#8217;esta entitat, que des de fa uns anys tracta d&#8217;impulsar la Ciutat de les Lleng\u00fces.<\/p>\n<h3>Un c\u00e0rrec nebul\u00f3s<\/h5>\n<p>Jos\u00e9 Luis Gimeno va deixar l&#8217;ajuntament per a ocupar el c\u00e0rrec de conseller delegat de Castell\u00f3 Cultural i amb l&#8217;objectiu concret de desenvolupar el projecte de la Ciutat de les Lleng\u00fces. Es tractava d&#8217;impulsar \u00abun centre internacional d&#8217;ensenyament de castell\u00e0\u00bb, segons va anunciar el president de la Generalitat, Francisco Camps, qui va dir que este projecte anava a convertir a Castell\u00f3 en \u00abla capital internacional del castell\u00e0\u00bb. No obstant aix\u00f2, des de llavors, tant el Consell com l&#8217;Ajuntament de Castell\u00f3 han eludit donar m\u00e9s informaci\u00f3 referent a aix\u00f2, remetent al lac\u00f2nic \u00abno hi ha novetat\u00bb.<\/p>\n<p>Malgrat aix\u00f2, Gimeno ha estat cobrant tots estos anys per un projecte del qual ning\u00fa no en sap res i sense que s&#8217;haja concretat la tasca que realitza. Fins i tot al juny de 2006, quan amb motiu de la presentaci\u00f3 d&#8217;un retaule restaurat es va produir la seua primera aparici\u00f3 p\u00fablica en qualitat de conseller delegat despr\u00e9s d&#8217;haver deixat l&#8217;ajuntament de Castell\u00f3, va evitar donar explicacions als requeriments dels periodistes.<\/p>\n<p>Gimeno ha compatibilitzat este c\u00e0rrec amb una mercantil relacionada amb la construcci\u00f3 en societat amb un membre del Grup Gimeno, que alhora \u00e9s concessionari de diversos serveis municipals, fet que ha provocat diverses protestes de l&#8217;oposici\u00f3.\n<\/p><\/blockquote>\n","protected":false},"excerpt":{"rendered":"<p>Els t\u00e8cnics i t\u00e8cniques ling\u00fc\u00edstics ens ocupem de la gesti\u00f3 ling\u00fc\u00edstica de les administracions p\u00fabliques. Rebem un sou per una tasca que fem tan b\u00e9 com podem i, moltes vegades, millor del que ens pertocaria, perqu\u00e8 hem de suplir les insufici\u00e8ncies d&#8217;una pol\u00edtica i d&#8217;una planificaci\u00f3 ling\u00fc\u00edstiques dirigides a incomplir els deures ling\u00fc\u00edstics de l&#8217;administraci\u00f3 [&hellip;]<\/p>\n","protected":false},"author":2,"featured_media":0,"comment_status":"open","ping_status":"open","sticky":false,"template":"","format":"standard","meta":{"footnotes":""},"categories":[38,1,15,47,26],"tags":[104],"class_list":["post-190","post","type-post","status-publish","format-standard","hentry","category-avl","category-general","category-laboral","category-planificacio","category-serveis-linguistics","tag-ciutat-de-les-llengues"],"_links":{"self":[{"href":"https:\/\/www.cdlpv.org\/dtl\/wp-json\/wp\/v2\/posts\/190","targetHints":{"allow":["GET"]}}],"collection":[{"href":"https:\/\/www.cdlpv.org\/dtl\/wp-json\/wp\/v2\/posts"}],"about":[{"href":"https:\/\/www.cdlpv.org\/dtl\/wp-json\/wp\/v2\/types\/post"}],"author":[{"embeddable":true,"href":"https:\/\/www.cdlpv.org\/dtl\/wp-json\/wp\/v2\/users\/2"}],"replies":[{"embeddable":true,"href":"https:\/\/www.cdlpv.org\/dtl\/wp-json\/wp\/v2\/comments?post=190"}],"version-history":[{"count":0,"href":"https:\/\/www.cdlpv.org\/dtl\/wp-json\/wp\/v2\/posts\/190\/revisions"}],"wp:attachment":[{"href":"https:\/\/www.cdlpv.org\/dtl\/wp-json\/wp\/v2\/media?parent=190"}],"wp:term":[{"taxonomy":"category","embeddable":true,"href":"https:\/\/www.cdlpv.org\/dtl\/wp-json\/wp\/v2\/categories?post=190"},{"taxonomy":"post_tag","embeddable":true,"href":"https:\/\/www.cdlpv.org\/dtl\/wp-json\/wp\/v2\/tags?post=190"}],"curies":[{"name":"wp","href":"https:\/\/api.w.org\/{rel}","templated":true}]}}