{"id":1899,"date":"2011-01-14T13:25:27","date_gmt":"2011-01-14T12:25:27","guid":{"rendered":"http:\/\/www.cdlpv.org\/dtl\/?p=1899"},"modified":"2011-01-14T13:25:27","modified_gmt":"2011-01-14T12:25:27","slug":"oferta-laboral-en-andorra-2","status":"publish","type":"post","link":"https:\/\/www.cdlpv.org\/dtl\/2011\/01\/14\/oferta-laboral-en-andorra-2\/","title":{"rendered":"Oferta laboral en Andorra"},"content":{"rendered":"<p>Xavier Rull ens envia a trav\u00e9s d&#8217;Infoz\u00e8fir la informaci\u00f3 seg\u00fcent:<\/p>\n<blockquote>\n<h2>Oferta de feina a Andorra<\/h2>\n<p>Per a centre d\u2019autoaprenentatge de catal\u00e0 a Andorra necessitem un assessor de catal\u00e0.<\/p>\n<p><strong>Requisit:<\/strong> llicenciat en filologia catalana<br \/>\nEs valorar\u00e0 l\u2019experi\u00e8ncia docent, que sigui un bon dinamitzador ling\u00fc\u00edstic i que tingui coneixements inform\u00e0tics b\u00e0sics. Incorporaci\u00f3 immediata.<\/p>\n<p>Interessats envieu CV a: <a href=\"mailto:accionsinternacionals@gmail.com\" target=\"_blank\"><em>accionsinternacionals@gmail.com<\/em><\/a><br \/>\namb c\u00f2pia a <a href=\"mailto:eva_royo@govern.ad\" target=\"_blank\"><em>eva_royo@govern.ad<\/em><\/a><\/p>\n<p><strong>Font:<\/strong> Govern d&#8217;Andorra, Ministeri d&#8217;Educaci\u00f3 i Cultura\n<\/p><\/blockquote>\n","protected":false},"excerpt":{"rendered":"<p>Xavier Rull ens envia a trav\u00e9s d&#8217;Infoz\u00e8fir la informaci\u00f3 seg\u00fcent: Oferta de feina a Andorra Per a centre d\u2019autoaprenentatge de catal\u00e0 a Andorra necessitem un assessor de catal\u00e0. Requisit: llicenciat en filologia catalana Es valorar\u00e0 l\u2019experi\u00e8ncia docent, que sigui un bon dinamitzador ling\u00fc\u00edstic i que tingui coneixements inform\u00e0tics b\u00e0sics. Incorporaci\u00f3 immediata. Interessats envieu CV a: [&hellip;]<\/p>\n","protected":false},"author":2,"featured_media":0,"comment_status":"open","ping_status":"open","sticky":false,"template":"","format":"standard","meta":{"footnotes":""},"categories":[43,1,15],"tags":[59,67,334],"class_list":["post-1899","post","type-post","status-publish","format-standard","hentry","category-concursos","category-general","category-laboral","tag-andorra","tag-assessorament","tag-ofertes"],"_links":{"self":[{"href":"https:\/\/www.cdlpv.org\/dtl\/wp-json\/wp\/v2\/posts\/1899","targetHints":{"allow":["GET"]}}],"collection":[{"href":"https:\/\/www.cdlpv.org\/dtl\/wp-json\/wp\/v2\/posts"}],"about":[{"href":"https:\/\/www.cdlpv.org\/dtl\/wp-json\/wp\/v2\/types\/post"}],"author":[{"embeddable":true,"href":"https:\/\/www.cdlpv.org\/dtl\/wp-json\/wp\/v2\/users\/2"}],"replies":[{"embeddable":true,"href":"https:\/\/www.cdlpv.org\/dtl\/wp-json\/wp\/v2\/comments?post=1899"}],"version-history":[{"count":0,"href":"https:\/\/www.cdlpv.org\/dtl\/wp-json\/wp\/v2\/posts\/1899\/revisions"}],"wp:attachment":[{"href":"https:\/\/www.cdlpv.org\/dtl\/wp-json\/wp\/v2\/media?parent=1899"}],"wp:term":[{"taxonomy":"category","embeddable":true,"href":"https:\/\/www.cdlpv.org\/dtl\/wp-json\/wp\/v2\/categories?post=1899"},{"taxonomy":"post_tag","embeddable":true,"href":"https:\/\/www.cdlpv.org\/dtl\/wp-json\/wp\/v2\/tags?post=1899"}],"curies":[{"name":"wp","href":"https:\/\/api.w.org\/{rel}","templated":true}]}}