{"id":1896,"date":"2011-01-05T14:23:43","date_gmt":"2011-01-05T13:23:43","guid":{"rendered":"http:\/\/www.cdlpv.org\/dtl\/?p=1896"},"modified":"2011-01-05T14:23:43","modified_gmt":"2011-01-05T13:23:43","slug":"gags-sociolinguistics","status":"publish","type":"post","link":"https:\/\/www.cdlpv.org\/dtl\/2011\/01\/05\/gags-sociolinguistics\/","title":{"rendered":"Gags socioling\u00fc\u00edstics"},"content":{"rendered":"<p>Plataforma per la llengua ha produ\u00eft amb la co&#320;laboraci\u00f3 de Minoria Absoluta uns quants <a href=\"http:\/\/blogspersonals.ara.cat\/elcatalasuma\/2010\/12\/29\/posem-ho-dificil-o-mes-dificil-encara\/\" target=\"_blank\">gags<\/a> ling\u00fc\u00edstics que poden ser unes eines molt interessants. Ac\u00ed teniu uns quants enlla\u00e7os:<\/p>\n<blockquote>\n<ul>\n<li><a href=\"http:\/\/www.youtube.com\/watch?v=VntzA-tYKeo\" target=\"_blank\">Nen traductor<\/a><\/li>\n<li><a href=\"http:\/\/www.youtube.com\/watch?v=WLQY24yQUJ0\" target=\"_blank\">Posar-ho dif\u00edcil<\/a><\/li>\n<li><a href=\"http:\/\/www.youtube.com\/watch?v=MKyxK8g1t5Q\" target=\"_blank\">Esportistes integrats<\/a><\/li>\n<li><a href=\"http:\/\/www.youtube.com\/watch?v=qV6gWFFWKUM\" target=\"_blank\">Reuni\u00f3 de ve\u00efns<\/a><\/li>\n<li><a href=\"http:\/\/www.youtube.com\/watch?v=_-HXxI6g1m0\" target=\"_blank\">Catalans an\u00f2nims<\/a><\/li>\n<\/ul>\n<\/blockquote>\n","protected":false},"excerpt":{"rendered":"<p>Plataforma per la llengua ha produ\u00eft amb la co&#320;laboraci\u00f3 de Minoria Absoluta uns quants gags ling\u00fc\u00edstics que poden ser unes eines molt interessants. Ac\u00ed teniu uns quants enlla\u00e7os: Nen traductor Posar-ho dif\u00edcil Esportistes integrats Reuni\u00f3 de ve\u00efns Catalans an\u00f2nims<\/p>\n","protected":false},"author":2,"featured_media":0,"comment_status":"open","ping_status":"open","sticky":false,"template":"","format":"standard","meta":{"footnotes":""},"categories":[2,3,1,27],"tags":[371],"class_list":["post-1896","post","type-post","status-publish","format-standard","hentry","category-comunicacio","category-documentacio","category-general","category-sociolinguistica","tag-plataforma-per-la-llengua"],"_links":{"self":[{"href":"https:\/\/www.cdlpv.org\/dtl\/wp-json\/wp\/v2\/posts\/1896","targetHints":{"allow":["GET"]}}],"collection":[{"href":"https:\/\/www.cdlpv.org\/dtl\/wp-json\/wp\/v2\/posts"}],"about":[{"href":"https:\/\/www.cdlpv.org\/dtl\/wp-json\/wp\/v2\/types\/post"}],"author":[{"embeddable":true,"href":"https:\/\/www.cdlpv.org\/dtl\/wp-json\/wp\/v2\/users\/2"}],"replies":[{"embeddable":true,"href":"https:\/\/www.cdlpv.org\/dtl\/wp-json\/wp\/v2\/comments?post=1896"}],"version-history":[{"count":0,"href":"https:\/\/www.cdlpv.org\/dtl\/wp-json\/wp\/v2\/posts\/1896\/revisions"}],"wp:attachment":[{"href":"https:\/\/www.cdlpv.org\/dtl\/wp-json\/wp\/v2\/media?parent=1896"}],"wp:term":[{"taxonomy":"category","embeddable":true,"href":"https:\/\/www.cdlpv.org\/dtl\/wp-json\/wp\/v2\/categories?post=1896"},{"taxonomy":"post_tag","embeddable":true,"href":"https:\/\/www.cdlpv.org\/dtl\/wp-json\/wp\/v2\/tags?post=1896"}],"curies":[{"name":"wp","href":"https:\/\/api.w.org\/{rel}","templated":true}]}}