{"id":1892,"date":"2011-01-03T14:09:07","date_gmt":"2011-01-03T13:09:07","guid":{"rendered":"http:\/\/www.cdlpv.org\/dtl\/?p=1892"},"modified":"2011-01-03T14:09:07","modified_gmt":"2011-01-03T13:09:07","slug":"convocatories-de-places-en-linstitut-destudis-catalans","status":"publish","type":"post","link":"https:\/\/www.cdlpv.org\/dtl\/2011\/01\/03\/convocatories-de-places-en-linstitut-destudis-catalans\/","title":{"rendered":"Convocat\u00f2ries de places en l&#8217;Institut d&#8217;Estudis Catalans"},"content":{"rendered":"<p>L&#8217;Institut d&#8217;Estudis Catalans convoca les places seg\u00fcents:<\/p>\n<blockquote>\n<ul>\n<li>Dues places de t\u00e8cnic\/a ling\u00fc\u00edstic\/a: una per a les Oficines Lexicogr\u00e0fiques de la Secci\u00f3 Filol\u00f2gica i una altra per al projecte del <em>Diccionari descriptiu de la llengua catalana<\/em>. <a href=\"http:\/\/www.iec.cat\/serveisgenerals\/documents\/TC_OL_DCC.pdf\" target=\"_blank\"><span class=\"versaleta\">[pdf]<\/span><\/a><\/li>\n<li>Tres places de corrector\/a de textos, de car\u00e0cter temporal per al Servei Editorial, amb una durada aproximada de quatre mesos. <a href=\"http:\/\/www.iec.cat\/serveisgenerals\/documents\/Correctors_PAAU-2011.pdf\" target=\"_blank\"><span class=\"versaleta\">[pdf]<\/span><\/a><\/li>\n<\/ul>\n<\/blockquote>\n","protected":false},"excerpt":{"rendered":"<p>L&#8217;Institut d&#8217;Estudis Catalans convoca les places seg\u00fcents: Dues places de t\u00e8cnic\/a ling\u00fc\u00edstic\/a: una per a les Oficines Lexicogr\u00e0fiques de la Secci\u00f3 Filol\u00f2gica i una altra per al projecte del Diccionari descriptiu de la llengua catalana. [pdf] Tres places de corrector\/a de textos, de car\u00e0cter temporal per al Servei Editorial, amb una durada aproximada de quatre [&hellip;]<\/p>\n","protected":false},"author":2,"featured_media":0,"comment_status":"open","ping_status":"open","sticky":false,"template":"","format":"standard","meta":{"footnotes":""},"categories":[1,46,15,16,26],"tags":[122,334],"class_list":["post-1892","post","type-post","status-publish","format-standard","hentry","category-general","category-iec","category-laboral","category-lexicografia","category-serveis-linguistics","tag-correccio","tag-ofertes"],"_links":{"self":[{"href":"https:\/\/www.cdlpv.org\/dtl\/wp-json\/wp\/v2\/posts\/1892","targetHints":{"allow":["GET"]}}],"collection":[{"href":"https:\/\/www.cdlpv.org\/dtl\/wp-json\/wp\/v2\/posts"}],"about":[{"href":"https:\/\/www.cdlpv.org\/dtl\/wp-json\/wp\/v2\/types\/post"}],"author":[{"embeddable":true,"href":"https:\/\/www.cdlpv.org\/dtl\/wp-json\/wp\/v2\/users\/2"}],"replies":[{"embeddable":true,"href":"https:\/\/www.cdlpv.org\/dtl\/wp-json\/wp\/v2\/comments?post=1892"}],"version-history":[{"count":0,"href":"https:\/\/www.cdlpv.org\/dtl\/wp-json\/wp\/v2\/posts\/1892\/revisions"}],"wp:attachment":[{"href":"https:\/\/www.cdlpv.org\/dtl\/wp-json\/wp\/v2\/media?parent=1892"}],"wp:term":[{"taxonomy":"category","embeddable":true,"href":"https:\/\/www.cdlpv.org\/dtl\/wp-json\/wp\/v2\/categories?post=1892"},{"taxonomy":"post_tag","embeddable":true,"href":"https:\/\/www.cdlpv.org\/dtl\/wp-json\/wp\/v2\/tags?post=1892"}],"curies":[{"name":"wp","href":"https:\/\/api.w.org\/{rel}","templated":true}]}}