{"id":189,"date":"2007-10-01T13:36:21","date_gmt":"2007-10-01T12:36:21","guid":{"rendered":"http:\/\/www.cdlpv.org\/dtl\/?p=189"},"modified":"2007-10-01T13:36:21","modified_gmt":"2007-10-01T12:36:21","slug":"el-model-europeu-de-minoritzacio","status":"publish","type":"post","link":"https:\/\/www.cdlpv.org\/dtl\/2007\/10\/01\/el-model-europeu-de-minoritzacio\/","title":{"rendered":"\u00bfEl model europeu de minoritzaci\u00f3?"},"content":{"rendered":"<p>Sorpr\u00e9n, per\u00f2 m\u00e9s val anar en eixa l\u00ednia: la Uni\u00f3 Europea considera mod\u00e8lica la minoritzaci\u00f3 de les lleng\u00fces espanyoles (suposem que en lloc de la l\u00ednea francesa o la finesa de gesti\u00f3 ling\u00fc\u00edstica.) Ara ens haurem de calfar el cap pensant qu\u00e8 han volgut dir.<\/p>\n<p>La <a href=\"http:\/\/www.elpais.com\/articulo\/espana\/Bruselas\/pone\/modelo\/multilinguismo\/lenguas\/vernaculas\/espanolas\/elpepunac\/20070927elpepinac_13\/Tes\" target=\"_blank\">not\u00edcia<\/a> del diari <em>El Pa\u00eds<\/em> (tradu\u00efda amb l&#8217;ajuda de l&#8217;<a href=\"http:\/\/www.internostrum.com\" target=\"_blank\">Internostrum<\/a>) \u00e9s la seg\u00fcent:<\/p>\n<blockquote>\n<h2>Brussel\u00b7les posa com a model de multiling\u00fcisme les lleng\u00fces vernacles espanyoles<\/h2>\n<h5>Ricardo M. de Rituerto &#8211; Brussel\u00b7les &#8211; 27.09.2007<\/h5>\n<p>Brussel\u00b7les va posar ahir com model a seguir en altres regions comunit\u00e0ries el r\u00e8gim d&#8217;implantaci\u00f3 del multiling\u00fcisme seguit en les quatre comunitats aut\u00f2nomes espanyoles amb llengua vernacla pr\u00f2pia. La Comissi\u00f3 Europea, que va avalar l&#8217;informe d&#8217;un grup d&#8217;experts d&#8217;alt nivell amb eixes apreciacions, va prendre en canvi dist\u00e0ncies sobre les pressions d&#8217;algunes administracions per a elevar a categoria de lleng\u00fces oficials de la Uni\u00f3 les que s\u00f3n cooficials en alguns pa\u00efsos a l&#8217;estimar que eixe \u00e9s un assumpte que correspon dilucidar per consens als mateixos governs de la Uni\u00f3.<\/p>\n<p>L&#8217;informe d&#8217;un grup d&#8217;alt nivell sobre multiling\u00fcisme es va fer p\u00fablic amb motiu del Dia Europeu de les Lleng\u00fces. En Europa hi ha unes 450 lleng\u00fces, comptant lleng\u00fces i parles, i algunes d&#8217;elles com el catal\u00e0\/valenci\u00e0, el gallec i el basc han aconseguit en els \u00faltims anys enfortir-se mitjan\u00e7ant pol\u00edtiques i r\u00e8gims que els experts consideren mod\u00e8lics.<\/p>\n<p>El comissari roman\u00e9s Leonard Orban, responsable de multiling\u00fcisme i que ahir va presentar l&#8217;informe, va insistir que la Comissi\u00f3 no t\u00e9 compet\u00e8ncies sobre l&#8217;\u00fas del catal\u00e0 o altres lleng\u00fces vernacles espanyoles en les institucions.\n<\/p><\/blockquote>\n","protected":false},"excerpt":{"rendered":"<p>Sorpr\u00e9n, per\u00f2 m\u00e9s val anar en eixa l\u00ednia: la Uni\u00f3 Europea considera mod\u00e8lica la minoritzaci\u00f3 de les lleng\u00fces espanyoles (suposem que en lloc de la l\u00ednea francesa o la finesa de gesti\u00f3 ling\u00fc\u00edstica.) Ara ens haurem de calfar el cap pensant qu\u00e8 han volgut dir. La not\u00edcia del diari El Pa\u00eds (tradu\u00efda amb l&#8217;ajuda de [&hellip;]<\/p>\n","protected":false},"author":2,"featured_media":0,"comment_status":"open","ping_status":"open","sticky":false,"template":"","format":"standard","meta":{"footnotes":""},"categories":[4,1,47,24,35],"tags":[],"class_list":["post-189","post","type-post","status-publish","format-standard","hentry","category-dret","category-general","category-planificacio","category-requisit-linguistic","category-unio-europea"],"_links":{"self":[{"href":"https:\/\/www.cdlpv.org\/dtl\/wp-json\/wp\/v2\/posts\/189","targetHints":{"allow":["GET"]}}],"collection":[{"href":"https:\/\/www.cdlpv.org\/dtl\/wp-json\/wp\/v2\/posts"}],"about":[{"href":"https:\/\/www.cdlpv.org\/dtl\/wp-json\/wp\/v2\/types\/post"}],"author":[{"embeddable":true,"href":"https:\/\/www.cdlpv.org\/dtl\/wp-json\/wp\/v2\/users\/2"}],"replies":[{"embeddable":true,"href":"https:\/\/www.cdlpv.org\/dtl\/wp-json\/wp\/v2\/comments?post=189"}],"version-history":[{"count":0,"href":"https:\/\/www.cdlpv.org\/dtl\/wp-json\/wp\/v2\/posts\/189\/revisions"}],"wp:attachment":[{"href":"https:\/\/www.cdlpv.org\/dtl\/wp-json\/wp\/v2\/media?parent=189"}],"wp:term":[{"taxonomy":"category","embeddable":true,"href":"https:\/\/www.cdlpv.org\/dtl\/wp-json\/wp\/v2\/categories?post=189"},{"taxonomy":"post_tag","embeddable":true,"href":"https:\/\/www.cdlpv.org\/dtl\/wp-json\/wp\/v2\/tags?post=189"}],"curies":[{"name":"wp","href":"https:\/\/api.w.org\/{rel}","templated":true}]}}