{"id":1889,"date":"2010-12-29T10:38:48","date_gmt":"2010-12-29T09:38:48","guid":{"rendered":"http:\/\/www.cdlpv.org\/dtl\/?p=1889"},"modified":"2010-12-29T10:38:48","modified_gmt":"2010-12-29T09:38:48","slug":"llengua-i-us-numero-49","status":"publish","type":"post","link":"https:\/\/www.cdlpv.org\/dtl\/2010\/12\/29\/llengua-i-us-numero-49\/","title":{"rendered":"Llengua i \u00daS n\u00famero 49"},"content":{"rendered":"<p>La revista <em>Llengua i \u00das<\/em> ha tret el <a href=\"http:\/\/www20.gencat.cat\/portal\/site\/Llengcat\/menuitem.df5fba67cac781e7a129d410b0c0e1a0\/?vgnextoid=b1be929450071110VgnVCM1000000b0c1e0aRCRD&#038;vgnextchannel=b1be929450071110VgnVCM1000000b0c1e0aRCRD&#038;vgnextfmt=default#Bloc2\" target=\"_blank\">n\u00famero<\/a> 49, que cont\u00e9, entre altres, els articles seg\u00fcents:<\/p>\n<blockquote>\n<ul>\n<li>\u00abLa nova gram\u00e0tica de l&#8217;Institut d&#8217;Estudis Catalans\u00bb d&#8217;Isidor Mar\u00ed Institut d&#8217;Estudis Catalans: \u00abL\u2019article relata el proc\u00e9s d\u2019elaboraci\u00f3 de la nova gram\u00e0tica de l\u2019Institut d\u2019Estudis Catalans i n\u2019analitza els sistemes de participaci\u00f3 i de decisi\u00f3, l\u2019estructura i l\u2019enfocament.\u00bb <a href=\"http:\/\/www6.gencat.net\/llengcat\/liu\/49_13.pdf\" target=\"_blank\"><span class=\"versaleta\">[pdf]<\/span><\/a>\n<li>\u00abL\u2019escriptura dels numerals cardinals en els mitjans de comunicaci\u00f3\u00bb de David Paloma Universitat Aut\u00f2noma de Barcelona: \u00abL\u2019article aborda l\u2019escriptura de numerals i la casu\u00edstica que en planteja el seu \u00fas en la diversitat de registres propis dels mitjans de comunicaci\u00f3.\u00bb <a href=\"http:\/\/www6.gencat.net\/llengcat\/liu\/49_32.pdf\" target=\"_blank\"><span class=\"versaleta\">[pdf]<\/span><\/a>\n<\/ul>\n<\/blockquote>\n","protected":false},"excerpt":{"rendered":"<p>La revista Llengua i \u00das ha tret el n\u00famero 49, que cont\u00e9, entre altres, els articles seg\u00fcents: \u00abLa nova gram\u00e0tica de l&#8217;Institut d&#8217;Estudis Catalans\u00bb d&#8217;Isidor Mar\u00ed Institut d&#8217;Estudis Catalans: \u00abL\u2019article relata el proc\u00e9s d\u2019elaboraci\u00f3 de la nova gram\u00e0tica de l\u2019Institut d\u2019Estudis Catalans i n\u2019analitza els sistemes de participaci\u00f3 i de decisi\u00f3, l\u2019estructura i l\u2019enfocament.\u00bb [pdf] [&hellip;]<\/p>\n","protected":false},"author":2,"featured_media":0,"comment_status":"open","ping_status":"open","sticky":false,"template":"","format":"standard","meta":{"footnotes":""},"categories":[1,46,17,22],"tags":[417],"class_list":["post-1889","post","type-post","status-publish","format-standard","hentry","category-general","category-iec","category-normativa","category-recerca","tag-revistes"],"_links":{"self":[{"href":"https:\/\/www.cdlpv.org\/dtl\/wp-json\/wp\/v2\/posts\/1889","targetHints":{"allow":["GET"]}}],"collection":[{"href":"https:\/\/www.cdlpv.org\/dtl\/wp-json\/wp\/v2\/posts"}],"about":[{"href":"https:\/\/www.cdlpv.org\/dtl\/wp-json\/wp\/v2\/types\/post"}],"author":[{"embeddable":true,"href":"https:\/\/www.cdlpv.org\/dtl\/wp-json\/wp\/v2\/users\/2"}],"replies":[{"embeddable":true,"href":"https:\/\/www.cdlpv.org\/dtl\/wp-json\/wp\/v2\/comments?post=1889"}],"version-history":[{"count":0,"href":"https:\/\/www.cdlpv.org\/dtl\/wp-json\/wp\/v2\/posts\/1889\/revisions"}],"wp:attachment":[{"href":"https:\/\/www.cdlpv.org\/dtl\/wp-json\/wp\/v2\/media?parent=1889"}],"wp:term":[{"taxonomy":"category","embeddable":true,"href":"https:\/\/www.cdlpv.org\/dtl\/wp-json\/wp\/v2\/categories?post=1889"},{"taxonomy":"post_tag","embeddable":true,"href":"https:\/\/www.cdlpv.org\/dtl\/wp-json\/wp\/v2\/tags?post=1889"}],"curies":[{"name":"wp","href":"https:\/\/api.w.org\/{rel}","templated":true}]}}