{"id":1884,"date":"2010-12-22T14:32:07","date_gmt":"2010-12-22T13:32:07","guid":{"rendered":"http:\/\/www.cdlpv.org\/dtl\/?p=1884"},"modified":"2010-12-22T14:32:07","modified_gmt":"2010-12-22T13:32:07","slug":"elaboracio-de-materials-docents","status":"publish","type":"post","link":"https:\/\/www.cdlpv.org\/dtl\/2010\/12\/22\/elaboracio-de-materials-docents\/","title":{"rendered":"Elaboraci\u00f3 de materials docents"},"content":{"rendered":"<p>Rafel Ramos i Armengol ens informa de la pr\u00f2rroga de la convocat\u00f2ria seg\u00fcent:<\/p>\n<blockquote>\n<h2>Incentius per a la qualitat en l&#8217;elaboraci\u00f3 de materials docents en valenci\u00e0<\/h2>\n<p><strong>Convocat\u00f2ria de 2010.<\/strong> Aquesta convocat\u00f2ria ha estat prorrogada fins al 31 de gener de 2011<\/p>\n<p><strong>Objecte:<\/strong> impulsar l&#8217;\u00fas del valenci\u00e0 en l&#8217;activitat docent i millorar la qualitat ling\u00fc\u00edstica dels materials docents en aquesta llengua.  <\/p>\n<p><strong>Destinataris:<\/strong> personal docent i investigador en actiu amb doc\u00e8ncia en valenci\u00e0.<\/p>\n<p><strong>Termini de presentaci\u00f3:<\/strong> fins al 31 de gener de 2011<\/p>\n<p><strong>Documentaci\u00f3 <span class=\"versaleta\">[pdf]<\/span>:<\/strong> <a href=\"http:\/\/www.spluv.es\/images\/stories\/PDFS\/fullet_incentius_2010.pdf\" target=\"_blank\">Fullet<\/a> | <a href=\"http:\/\/www.spluv.es\/images\/stories\/PDFS\/bases_incentius_2010.pdf\" target=\"_blank\">Convocat\u00f2ria<\/a> | <a href=\"http:\/\/www.spluv.es\/images\/stories\/PDFS\/sol_incentius_2010.pdf\" target=\"_blank\">So&#320;licitud<\/a>\n<\/p><\/blockquote>\n<p>M\u00e9s informaci\u00f3: <em><a href=\"http:\/\/www.spluv.es\/\" target=\"_blank\">www.spluv.es<\/a><\/em><\/p>\n","protected":false},"excerpt":{"rendered":"<p>Rafel Ramos i Armengol ens informa de la pr\u00f2rroga de la convocat\u00f2ria seg\u00fcent: Incentius per a la qualitat en l&#8217;elaboraci\u00f3 de materials docents en valenci\u00e0 Convocat\u00f2ria de 2010. Aquesta convocat\u00f2ria ha estat prorrogada fins al 31 de gener de 2011 Objecte: impulsar l&#8217;\u00fas del valenci\u00e0 en l&#8217;activitat docent i millorar la qualitat ling\u00fc\u00edstica dels materials [&hellip;]<\/p>\n","protected":false},"author":2,"featured_media":0,"comment_status":"open","ping_status":"open","sticky":false,"template":"","format":"standard","meta":{"footnotes":""},"categories":[45,10,1,15,28],"tags":[51,495,500],"class_list":["post-1884","post","type-post","status-publish","format-standard","hentry","category-ensenyament","category-formacio","category-general","category-laboral","category-subvencions","tag-ajudes","tag-universitat-de-valencia","tag-universitats"],"_links":{"self":[{"href":"https:\/\/www.cdlpv.org\/dtl\/wp-json\/wp\/v2\/posts\/1884","targetHints":{"allow":["GET"]}}],"collection":[{"href":"https:\/\/www.cdlpv.org\/dtl\/wp-json\/wp\/v2\/posts"}],"about":[{"href":"https:\/\/www.cdlpv.org\/dtl\/wp-json\/wp\/v2\/types\/post"}],"author":[{"embeddable":true,"href":"https:\/\/www.cdlpv.org\/dtl\/wp-json\/wp\/v2\/users\/2"}],"replies":[{"embeddable":true,"href":"https:\/\/www.cdlpv.org\/dtl\/wp-json\/wp\/v2\/comments?post=1884"}],"version-history":[{"count":0,"href":"https:\/\/www.cdlpv.org\/dtl\/wp-json\/wp\/v2\/posts\/1884\/revisions"}],"wp:attachment":[{"href":"https:\/\/www.cdlpv.org\/dtl\/wp-json\/wp\/v2\/media?parent=1884"}],"wp:term":[{"taxonomy":"category","embeddable":true,"href":"https:\/\/www.cdlpv.org\/dtl\/wp-json\/wp\/v2\/categories?post=1884"},{"taxonomy":"post_tag","embeddable":true,"href":"https:\/\/www.cdlpv.org\/dtl\/wp-json\/wp\/v2\/tags?post=1884"}],"curies":[{"name":"wp","href":"https:\/\/api.w.org\/{rel}","templated":true}]}}