{"id":1882,"date":"2010-12-15T14:47:48","date_gmt":"2010-12-15T13:47:48","guid":{"rendered":"http:\/\/www.cdlpv.org\/dtl\/?p=1882"},"modified":"2010-12-15T14:47:48","modified_gmt":"2010-12-15T13:47:48","slug":"set-places-de-tecnic-de-planificacio-linguistica","status":"publish","type":"post","link":"https:\/\/www.cdlpv.org\/dtl\/2010\/12\/15\/set-places-de-tecnic-de-planificacio-linguistica\/","title":{"rendered":"Set places de t\u00e8cnic de planificaci\u00f3 ling\u00fc\u00edstica"},"content":{"rendered":"<p>La Generalitat de Catalunya ha convocat un proc\u00e9s selectiu per a proveir set places de planificaci\u00f3 ling\u00fc\u00edstica:<\/p>\n<blockquote><p>\nRESOLUCI\u00d3 GAP\/3833\/2010, de 26 de novembre, de convocat\u00f2ria del proc\u00e9s selectiu per proveir set places per al cos de titulaci\u00f3 superior (subgrup A1) de la Generalitat de Catalunya, planificaci\u00f3 ling\u00fc\u00edstica (n\u00fam. de registre de la convocat\u00f2ria 202). <a href=\"https:\/\/www.gencat.cat\/eadop\/imatges\/5768\/10329067.pdf\" target=\"_blank\"><span class=\"versaleta\">[pdf]<\/span><\/a>\n<\/p><\/blockquote>\n<p>El termini d&#8217;inscripci\u00f3 s&#8217;acaba el 22 de desembre del 2010, al cap de vint dies naturals comptats a partir de l&#8217;endem\u00e0 de la publicaci\u00f3 en el <span class=\"versaleta\"><em>dogc<\/em><\/span>.<\/p>\n","protected":false},"excerpt":{"rendered":"<p>La Generalitat de Catalunya ha convocat un proc\u00e9s selectiu per a proveir set places de planificaci\u00f3 ling\u00fc\u00edstica: RESOLUCI\u00d3 GAP\/3833\/2010, de 26 de novembre, de convocat\u00f2ria del proc\u00e9s selectiu per proveir set places per al cos de titulaci\u00f3 superior (subgrup A1) de la Generalitat de Catalunya, planificaci\u00f3 ling\u00fc\u00edstica (n\u00fam. de registre de la convocat\u00f2ria 202). [pdf] [&hellip;]<\/p>\n","protected":false},"author":2,"featured_media":0,"comment_status":"open","ping_status":"open","sticky":false,"template":"","format":"standard","meta":{"footnotes":""},"categories":[43,1,15,18],"tags":[96,463],"class_list":["post-1882","post","type-post","status-publish","format-standard","hentry","category-concursos","category-general","category-laboral","category-oposicions","tag-catalunya","tag-tecnics"],"_links":{"self":[{"href":"https:\/\/www.cdlpv.org\/dtl\/wp-json\/wp\/v2\/posts\/1882","targetHints":{"allow":["GET"]}}],"collection":[{"href":"https:\/\/www.cdlpv.org\/dtl\/wp-json\/wp\/v2\/posts"}],"about":[{"href":"https:\/\/www.cdlpv.org\/dtl\/wp-json\/wp\/v2\/types\/post"}],"author":[{"embeddable":true,"href":"https:\/\/www.cdlpv.org\/dtl\/wp-json\/wp\/v2\/users\/2"}],"replies":[{"embeddable":true,"href":"https:\/\/www.cdlpv.org\/dtl\/wp-json\/wp\/v2\/comments?post=1882"}],"version-history":[{"count":0,"href":"https:\/\/www.cdlpv.org\/dtl\/wp-json\/wp\/v2\/posts\/1882\/revisions"}],"wp:attachment":[{"href":"https:\/\/www.cdlpv.org\/dtl\/wp-json\/wp\/v2\/media?parent=1882"}],"wp:term":[{"taxonomy":"category","embeddable":true,"href":"https:\/\/www.cdlpv.org\/dtl\/wp-json\/wp\/v2\/categories?post=1882"},{"taxonomy":"post_tag","embeddable":true,"href":"https:\/\/www.cdlpv.org\/dtl\/wp-json\/wp\/v2\/tags?post=1882"}],"curies":[{"name":"wp","href":"https:\/\/api.w.org\/{rel}","templated":true}]}}