{"id":188,"date":"2007-09-29T19:25:49","date_gmt":"2007-09-29T18:25:49","guid":{"rendered":"http:\/\/www.cdlpv.org\/dtl\/?p=188"},"modified":"2007-09-29T19:25:49","modified_gmt":"2007-09-29T18:25:49","slug":"latovament-espanyol-i-lenduriment-catala","status":"publish","type":"post","link":"https:\/\/www.cdlpv.org\/dtl\/2007\/09\/29\/latovament-espanyol-i-lenduriment-catala\/","title":{"rendered":"L&#8217;atovament espanyol i l&#8217;enduriment catal\u00e0"},"content":{"rendered":"<p>Una cosa s\u00f3n els titulars que \u00faltimament fa el diari <em>El Pa\u00eds<\/em> i una altra de diferent el contingut de les not\u00edcies. En este cas tenim que l&#8217;enduriment de qu\u00e8 parla no consistix, com podr\u00edem pensar, en un nivell de qualitat superior (exigible potser a trav\u00e9s d&#8217;una titulaci\u00f3 adequada), sin\u00f3 simplement del fet que els que hi treballen han d&#8217;emetre en catal\u00e0 la seua faena.<\/p>\n<p>Poc enduriment, doncs, excepte si admetem que vivim en un m\u00f3n molt dur on els diputats no poden parlar en catal\u00e0 al congr\u00e9s espanyol, el catal\u00e0 no \u00e9s llengua oficial a la Uni\u00f3 Europea &mdash;perqu\u00e8 el govern espanyol no ho vol&mdash;, el mateix diari <em>El Pa\u00eds<\/em> impedix fins i tot la publicaci\u00f3 de les cartes dels lectors en catal\u00e0 &mdash;almenys en la secci\u00f3 del Pa\u00eds Valenci\u00e0&mdash; i les d\u00f3na tradu\u00efdes a l&#8217;espanyol, hi ha professors de catal\u00e0 que no en saben, hi ha funcionaris p\u00fablics que no atenen en catal\u00e0&#8230;<\/p>\n<p>I ara el cas de Cristina Peri Rossi. Si l&#8217;\u00fanic motiu per a acomiadar-la era que no parlava en catal\u00e0, doncs, alguna cosa no ha estat ben explicada o gestionada en l&#8217;ens p\u00fablic, perqu\u00e8 segurament el seu contracte no dia que havia de parlar cap llengua en concret. La corporaci\u00f3 p\u00fablica ha de tindre clar el seu requisit ling\u00fc\u00edstic, i \u00e9s una cosa ben habitual en el m\u00f3n de les administracions p\u00fabliques espanyoles en el cas del requisit espanyol. Per exemple, a les Corts fan unes proves d&#8217;espanyol per a estrangers (d&#8217;un nivell superior). Aix\u00f2 no sembla que ning\u00fa ho qualifique d&#8217;un enduriment de res. Per contra, la mateixa exig\u00e8ncia respecte del catal\u00e0 \u00e9s valorada amb una altra \u00absensibilitat\u00bb, una de molt \u00absensible\u00bb.<\/p>\n<p>Per cert, potser intentaran llogar-la en Canal 9, on no hi ha cap requisit ling\u00fc\u00edstic llevat de l&#8217;obedi\u00e8ncia. I els sous p\u00fablics n&#8217;endurixen, d&#8217;obedi\u00e8ncies.<\/p>\n<p>La not\u00edcia del diari <em><a href=\"http:\/\/www.elpais.com\/articulo\/sociedad\/CCRTV\/endurece\/uso\/catalan\/medios\/publicos\/elpepusoc\/20070928elpepisoc_12\/Tes\" target=\"_blank\">El Pa\u00eds<\/a><\/em> (tradu\u00efda amb l&#8217;ajuda de l&#8217;Internostrum) \u00e9s la seg\u00fcent:<\/p>\n<blockquote>\n<h2>La <span class=\"versaleta\">ccrtv<\/span> endurix l&#8217;\u00fas del catal\u00e0 en els mitjans p\u00fablics<\/h2>\n<h5><em>El  Pa\u00eds<\/em> &#8211; Barcelona &#8211; 28.09.2007<\/h5>\n<p>La Corporaci\u00f3 Catalana de R\u00e0dio i Televisi\u00f3 (<span class=\"versaleta\">ccrtv<\/span>) ha endurit el compliment de la seua carta de principis referent a l&#8217;\u00fas del catal\u00e0 en els mitjans de comunicaci\u00f3 p\u00fablics. Este enduriment s&#8217;ha cobrat la primera v\u00edctima en l&#8217;escriptora d&#8217;origen uruguai\u00e0 Cristina Peri Rossi, de qui, despr\u00e9s d&#8217;haver col\u00b7laborat en Catalunya R\u00e0dio durant les dues \u00faltimes temporades, l&#8217;emissora ha prescindit dels seus serveis este curs al\u00b7legant, segons explica, que \u00abno es podia pagar a un col\u00b7laborador que parlara en castell\u00e0\u00bb. L&#8217;escriptora qualifica el seu acomiadament de \u00abpersecuci\u00f3 ling\u00fc\u00edstica\u00bb, perqu\u00e8 \u00abl&#8217;\u00fanica ra\u00f3 que se m&#8217;ha donat \u00e9s que parle castell\u00e0\u00bb.<\/p>\n<p>El Consell d&#8217;Administraci\u00f3 de la <span class=\"versaleta\">ccrtv<\/span> va aprovar per majoria el passat maig instar el director general de l&#8217;ens, Joan Maj\u00f3, a aplicar les normes ling\u00fc\u00edstiques que establix la carta de principis per la qual es regixen els mitjans de comunicaci\u00f3 p\u00fablics, que va ser actualitzada al mar\u00e7 del 2006. La carta especifica que \u00ablocutors, conductors, entrevistadors i col\u00b7laboradors fixos haurien d&#8217;usar sempre la llengua catalana quan estiguen en antena. L&#8217;\u00fas d&#8217;altres lleng\u00fces ser\u00e0 excepcional i motivat, recomanant sempre que siga possible la traducci\u00f3 simult\u00e0nia\u00bb.\n<\/p><\/blockquote>\n<hr \/>\n<\/hr>\n<h3>Altres refer\u00e8ncies:<\/h3>\n<ul>\n<li><a href=\"http:\/\/perirossicristina.blogspot.com\/\" target=\"_blank\">Cristina Peri Rossi<\/a><\/li>\n<li><a href=\"http:\/\/www.normalitzacio.cat\/testimonis\/index.php?sec=testimonis&#038;n=4405\" target=\"_blank\">Xavier Rius<\/a><\/li>\n<li><a href=\"http:\/\/paper.avui.cat\/article\/opinio\/100441\/babel\/barbara.html\" target=\"_blank\">Alfred Bosch<\/a>\n<\/ul>\n","protected":false},"excerpt":{"rendered":"<p>Una cosa s\u00f3n els titulars que \u00faltimament fa el diari El Pa\u00eds i una altra de diferent el contingut de les not\u00edcies. En este cas tenim que l&#8217;enduriment de qu\u00e8 parla no consistix, com podr\u00edem pensar, en un nivell de qualitat superior (exigible potser a trav\u00e9s d&#8217;una titulaci\u00f3 adequada), sin\u00f3 simplement del fet que els [&hellip;]<\/p>\n","protected":false},"author":2,"featured_media":0,"comment_status":"open","ping_status":"open","sticky":false,"template":"","format":"standard","meta":{"footnotes":""},"categories":[36,2,1,47,19,24,34],"tags":[],"class_list":["post-188","post","type-post","status-publish","format-standard","hentry","category-allofobia","category-comunicacio","category-general","category-planificacio","category-politica","category-requisit-linguistic","category-tv3"],"_links":{"self":[{"href":"https:\/\/www.cdlpv.org\/dtl\/wp-json\/wp\/v2\/posts\/188","targetHints":{"allow":["GET"]}}],"collection":[{"href":"https:\/\/www.cdlpv.org\/dtl\/wp-json\/wp\/v2\/posts"}],"about":[{"href":"https:\/\/www.cdlpv.org\/dtl\/wp-json\/wp\/v2\/types\/post"}],"author":[{"embeddable":true,"href":"https:\/\/www.cdlpv.org\/dtl\/wp-json\/wp\/v2\/users\/2"}],"replies":[{"embeddable":true,"href":"https:\/\/www.cdlpv.org\/dtl\/wp-json\/wp\/v2\/comments?post=188"}],"version-history":[{"count":0,"href":"https:\/\/www.cdlpv.org\/dtl\/wp-json\/wp\/v2\/posts\/188\/revisions"}],"wp:attachment":[{"href":"https:\/\/www.cdlpv.org\/dtl\/wp-json\/wp\/v2\/media?parent=188"}],"wp:term":[{"taxonomy":"category","embeddable":true,"href":"https:\/\/www.cdlpv.org\/dtl\/wp-json\/wp\/v2\/categories?post=188"},{"taxonomy":"post_tag","embeddable":true,"href":"https:\/\/www.cdlpv.org\/dtl\/wp-json\/wp\/v2\/tags?post=188"}],"curies":[{"name":"wp","href":"https:\/\/api.w.org\/{rel}","templated":true}]}}