{"id":1878,"date":"2010-12-15T13:27:57","date_gmt":"2010-12-15T12:27:57","guid":{"rendered":"http:\/\/www.cdlpv.org\/dtl\/?p=1878"},"modified":"2010-12-15T13:27:57","modified_gmt":"2010-12-15T12:27:57","slug":"el-govern-de-camps-no-aconseguix-tancar-el-repetidor-del-monduber","status":"publish","type":"post","link":"https:\/\/www.cdlpv.org\/dtl\/2010\/12\/15\/el-govern-de-camps-no-aconseguix-tancar-el-repetidor-del-monduber\/","title":{"rendered":"El govern de Camps no aconseguix tancar el repetidor del Mond\u00faber"},"content":{"rendered":"<p>No fan falta les filtracions de Wikileaks per a comprovar que el govern valenci\u00e0 de Francisco Camps participa del principi \u00abfes el que dic, no el que faig\u00bb. Tot i proclamar-se liberals, valencianistes i dem\u00f2crates, partidaris limitar la intromissi\u00f3 dels poders p\u00fablics en la vida de les persones, les seues actuacions es caracteritzen justament pel contrari, pel mal \u00fas del poder p\u00fablic per a coartar la llibertat d&#8217;expressi\u00f3 (i qualsevol altra) i la funci\u00f3 dels mitjans d&#8217;informaci\u00f3 i comunicaci\u00f3 en valenci\u00e0, com \u00e9s el que est\u00e0 passant amb el tancament dels repetidors d&#8217;Acci\u00f3 Cultural del Pa\u00eds Valenci\u00e0 que faciliten l&#8217;arribada les emissions de la <span class=\"versaleta\">tv3<\/span> al Pa\u00eds Valenci\u00e0.<\/p>\n<p>En esta ocasi\u00f3, el jutjat contenci\u00f3 administratiu n\u00famero 4 de Val\u00e8ncia els ha negat el tancament del repetidor del Mond\u00faber, segons informa Enric Orts (Avui, <a href=\"http:\/\/www.avui.cat\/noticia\/article\/-\/-\/345347.html?piwik_campaign=mail&#038;piwik_kwd=mail&#038;utm_source=mail&#038;utm_medium=mail&#038;utm_campaign=mail\" target=\"_blank\">15.12.2010<\/a>):<\/p>\n<blockquote>\n<h2>TV3 resisteix al Pa\u00eds Valenci\u00e0<\/h2>\n<h3>Un jutjat nega per quarta vegada la so&#320;licitud del govern de Camps per tancar el repetidor que porta el senyal dels canals p\u00fablics catalans a diverses comarques<\/h3>\n<p>El pic del Mond\u00faver va cam\u00ed de convertir-se en la muntanya sagrada per als seguidors de TV3 al Pa\u00eds Valenci\u00e0. Ahir va transcendir que el jutjat del contenci\u00f3s administratiu n\u00famero 4 de Val\u00e8ncia ha negat \u2013per quarta vegada\u2013 a la Generalitat el perm\u00eds per precintar el repetidor del senyal dels canals p\u00fablics catalans, que d\u00f3na cobertura a Gandia i la comarca de la Safor i a una part de les comarques de la Ribera Alta, la Ribera Baixa i la Marina Alta.<\/p>\n<p>Una vict\u00f2ria moment\u00e0nia per a Acci\u00f3 Cultural del Pa\u00eds Valenci\u00e0 (ACPV), propiet\u00e0ria d&#8217;aquesta i de la majoria d&#8217;antenes que permeten la recepci\u00f3 del paquet format per TV3, 33, 3\/24 i Super3 a moltes de les comarques valencianes. \u201cEs pot rec\u00f3rrer contra la resoluci\u00f3 en ape&#320;laci\u00f3 davant el Tribunal Superior de Just\u00edcia (TSJ), cosa que previsiblement far\u00e0 la Generalitat\u201d, van advertir des de l&#8217;entitat.<\/p>\n[&#8230;]\n<\/p><\/blockquote>\n","protected":false},"excerpt":{"rendered":"<p>No fan falta les filtracions de Wikileaks per a comprovar que el govern valenci\u00e0 de Francisco Camps participa del principi \u00abfes el que dic, no el que faig\u00bb. Tot i proclamar-se liberals, valencianistes i dem\u00f2crates, partidaris limitar la intromissi\u00f3 dels poders p\u00fablics en la vida de les persones, les seues actuacions es caracteritzen justament pel [&hellip;]<\/p>\n","protected":false},"author":2,"featured_media":0,"comment_status":"open","ping_status":"open","sticky":false,"template":"","format":"standard","meta":{"footnotes":""},"categories":[36,2,1,34],"tags":[100,266],"class_list":["post-1878","post","type-post","status-publish","format-standard","hentry","category-allofobia","category-comunicacio","category-general","category-tv3","tag-censura","tag-jutjats"],"_links":{"self":[{"href":"https:\/\/www.cdlpv.org\/dtl\/wp-json\/wp\/v2\/posts\/1878","targetHints":{"allow":["GET"]}}],"collection":[{"href":"https:\/\/www.cdlpv.org\/dtl\/wp-json\/wp\/v2\/posts"}],"about":[{"href":"https:\/\/www.cdlpv.org\/dtl\/wp-json\/wp\/v2\/types\/post"}],"author":[{"embeddable":true,"href":"https:\/\/www.cdlpv.org\/dtl\/wp-json\/wp\/v2\/users\/2"}],"replies":[{"embeddable":true,"href":"https:\/\/www.cdlpv.org\/dtl\/wp-json\/wp\/v2\/comments?post=1878"}],"version-history":[{"count":0,"href":"https:\/\/www.cdlpv.org\/dtl\/wp-json\/wp\/v2\/posts\/1878\/revisions"}],"wp:attachment":[{"href":"https:\/\/www.cdlpv.org\/dtl\/wp-json\/wp\/v2\/media?parent=1878"}],"wp:term":[{"taxonomy":"category","embeddable":true,"href":"https:\/\/www.cdlpv.org\/dtl\/wp-json\/wp\/v2\/categories?post=1878"},{"taxonomy":"post_tag","embeddable":true,"href":"https:\/\/www.cdlpv.org\/dtl\/wp-json\/wp\/v2\/tags?post=1878"}],"curies":[{"name":"wp","href":"https:\/\/api.w.org\/{rel}","templated":true}]}}