{"id":1875,"date":"2010-12-13T14:08:21","date_gmt":"2010-12-13T13:08:21","guid":{"rendered":"http:\/\/www.cdlpv.org\/dtl\/?p=1875"},"modified":"2010-12-13T14:08:21","modified_gmt":"2010-12-13T13:08:21","slug":"ajudes-i-beques-de-lavl","status":"publish","type":"post","link":"https:\/\/www.cdlpv.org\/dtl\/2010\/12\/13\/ajudes-i-beques-de-lavl\/","title":{"rendered":"Ajudes i beques de l&#8217;AVL"},"content":{"rendered":"<p>L&#8217;Acad\u00e8mia Valenciana de la Llengua <span class=\"versaleta\">(avl)<\/span> ha publicat les convocat\u00f2ries d&#8217;ajudes i beques seg\u00fcents:<\/p>\n<blockquote>\n<ul>\n<li>Resoluci\u00f3 de 22 de novembre del 2010, de la Presid\u00e8ncia de l\u2019Acad\u00e8mia Valenciana de la Llengua, per la qual es publica l\u2019Acord de 19 de novembre del 2010, del Ple de l\u2019Acad\u00e8mia Valenciana de la Llengua, pel qual es convoquen ajudes per a la promoci\u00f3 dels escriptors en valenci\u00e0. <a href=\"http:\/\/www.docv.gva.es\/datos\/2010\/12\/02\/pdf\/2010_12873.pdf\" target=\"_blank\"><span class=\"versaleta\">[pdf]<\/span><\/a><\/li>\n<li>Resoluci\u00f3 de 22 de novembre del 2010, de la Presid\u00e8ncia de l\u2019Acad\u00e8mia Valenciana de la Llengua, per la qual es publica l\u2019Acord de 19 de novembre del 2010, del Ple de l\u2019Acad\u00e8mia Valenciana de la Llengua, pel qual es convoquen beques per a la realitzaci\u00f3 de pr\u00e0ctiques de formaci\u00f3 en Inform\u00e0tica, en Lexicografia i Terminologia, en Onom\u00e0stica i en Edici\u00f3 i Digitalitzaci\u00f3 de Texts. <a href=\"http:\/\/www.docv.gva.es\/datos\/2010\/12\/02\/pdf\/2010_12877.pdf\" target=\"_blank\"><span class=\"versaleta\">[pdf]<\/span><\/a><\/li>\n<li>Resoluci\u00f3 de 22 de novembre del 2010, de la Presid\u00e8ncia de l\u2019Acad\u00e8mia Valenciana de la Llengua, per la qual es publica l\u2019Acord de 19 de novembre del 2010, del Ple de l\u2019Acad\u00e8mia Valenciana de la Llengua, pel qual es convoquen ajudes a la difusi\u00f3 i promoci\u00f3 del valenci\u00e0 en els centres valencians a l\u2019exterior. <a href=\"http:\/\/www.docv.gva.es\/datos\/2010\/12\/02\/pdf\/2010_12878.pdf\" target=\"_blank\"><span class=\"versaleta\">[pdf]<\/span><\/a><\/li>\n<li>Resoluci\u00f3 de 22 de novembre del 2010, de la Presid\u00e8ncia de l\u2019Acad\u00e8mia Valenciana de la Llengua, per la qual es publica l\u2019Acord de 19 de novembre del 2010, del Ple de l\u2019Acad\u00e8mia Valenciana de la Llengua, pel qual es convoquen ajudes al foment de l\u2019\u00fas del valenci\u00e0 en les emissores locals de r\u00e0dio i en les publicacions escrites de car\u00e0cter local o comarcal, o de tem\u00e0tica especialitzada. <a href=\"http:\/\/www.docv.gva.es\/datos\/2010\/12\/02\/pdf\/2010_12880.pdf\" target=\"_blank\"><span class=\"versaleta\">[pdf]<\/span><\/a><\/li>\n<\/ul>\n<\/blockquote>\n","protected":false},"excerpt":{"rendered":"<p>L&#8217;Acad\u00e8mia Valenciana de la Llengua (avl) ha publicat les convocat\u00f2ries d&#8217;ajudes i beques seg\u00fcents: Resoluci\u00f3 de 22 de novembre del 2010, de la Presid\u00e8ncia de l\u2019Acad\u00e8mia Valenciana de la Llengua, per la qual es publica l\u2019Acord de 19 de novembre del 2010, del Ple de l\u2019Acad\u00e8mia Valenciana de la Llengua, pel qual es convoquen ajudes [&hellip;]<\/p>\n","protected":false},"author":2,"featured_media":0,"comment_status":"open","ping_status":"open","sticky":false,"template":"","format":"standard","meta":{"footnotes":""},"categories":[38,10,1,28],"tags":[51,75],"class_list":["post-1875","post","type-post","status-publish","format-standard","hentry","category-avl","category-formacio","category-general","category-subvencions","tag-ajudes","tag-beques"],"_links":{"self":[{"href":"https:\/\/www.cdlpv.org\/dtl\/wp-json\/wp\/v2\/posts\/1875","targetHints":{"allow":["GET"]}}],"collection":[{"href":"https:\/\/www.cdlpv.org\/dtl\/wp-json\/wp\/v2\/posts"}],"about":[{"href":"https:\/\/www.cdlpv.org\/dtl\/wp-json\/wp\/v2\/types\/post"}],"author":[{"embeddable":true,"href":"https:\/\/www.cdlpv.org\/dtl\/wp-json\/wp\/v2\/users\/2"}],"replies":[{"embeddable":true,"href":"https:\/\/www.cdlpv.org\/dtl\/wp-json\/wp\/v2\/comments?post=1875"}],"version-history":[{"count":0,"href":"https:\/\/www.cdlpv.org\/dtl\/wp-json\/wp\/v2\/posts\/1875\/revisions"}],"wp:attachment":[{"href":"https:\/\/www.cdlpv.org\/dtl\/wp-json\/wp\/v2\/media?parent=1875"}],"wp:term":[{"taxonomy":"category","embeddable":true,"href":"https:\/\/www.cdlpv.org\/dtl\/wp-json\/wp\/v2\/categories?post=1875"},{"taxonomy":"post_tag","embeddable":true,"href":"https:\/\/www.cdlpv.org\/dtl\/wp-json\/wp\/v2\/tags?post=1875"}],"curies":[{"name":"wp","href":"https:\/\/api.w.org\/{rel}","templated":true}]}}