{"id":187,"date":"2007-09-27T11:46:22","date_gmt":"2007-09-27T10:46:22","guid":{"rendered":"http:\/\/www.cdlpv.org\/dtl\/?p=187"},"modified":"2007-09-27T11:46:22","modified_gmt":"2007-09-27T10:46:22","slug":"187","status":"publish","type":"post","link":"https:\/\/www.cdlpv.org\/dtl\/2007\/09\/27\/187\/","title":{"rendered":"Encara contra la reemissi\u00f3 de TV3 al Pa\u00eds Valenci\u00e0"},"content":{"rendered":"<p><a class=\"imagelink\" title=\"F. Camps contra TV3\" href=\"http:\/\/www.cdlpv.org\/dtl\/wp-content\/tv3-gv-070924.jpg\" target=\"_blank\"><img decoding=\"async\" id=\"image186\" height=96 alt=\"F. Camps contra TV3\" src=\"http:\/\/www.cdlpv.org\/dtl\/wp-content\/tv3-gv-070924.miniatura.jpg\" align=\"right\" \/><\/a><br \/>\nContinua l&#8217;atac del govern del PP valenci\u00e0 contra la llibertat d&#8217;informaci\u00f3 dels valencians. Francisco Camps pret\u00e9n ignorar la Carta europea de les lleng\u00fces i s&#8217;encabota a posar obstacles i crear fronteres contra la difusi\u00f3 de la llengua i la cultura entre Catalunya i el Pa\u00eds Valenci\u00e0. Un sainet ideol\u00f2gic que compartix amb Moh\u00e0mmed VI (Marroc) o de Ch\u00e1vez (Vene\u00e7uela) i que patim els ciutadans de tots els colors.<\/p>\n<p>Acci\u00f3 Cultural del Pa\u00eds Valenci\u00e0 ha em\u00e9s el <a href=\"http:\/\/www.acpv.net\/php\/noticia.php?id_noti=702\" target=\"_blank\">comunicat<\/a> seg\u00fcent:<\/p>\n<blockquote>\n<h2>La Generalitat comunica a ACPV que en el termini de deu dies h\u00e0bils \u00abcomplisca de mode voluntari l&#8217;ordre de cessament\u00bb de les emissions<\/h2>\n<h3>ACPV no tancar\u00e0 volunt\u00e0riament els repetidors de TV3<\/h3>\n<h5>26.09.2007<\/h5>\n<p>Segons el comunicat oficial rebut per ACPV, de no fer-se efectiu el tancament voluntari en el termini marcat per la Generalitat Valenciana \u00abes procedir\u00e0 a l\u2019execuci\u00f3 for\u00e7osa de la resoluci\u00f3\u00bb. Despr\u00e9s que el passat 10 de setembre el govern valenci\u00e0 notificara la desestimaci\u00f3 del recurs de la nostra entitat contra la resoluci\u00f3 del mateix govern valenci\u00e0 que ens sanciona arbitr\u00e0riament a pagar 300.000 \u20ac i ens insta al cessament de les emissions de TV3, ara (i despr\u00e9s de no haver tancat el repetidors), la Generalitat Valenciana ens llan\u00e7a un ultim\u00e0tum i augmenta la seua pressi\u00f3 contra ACPV.<\/p>\n<p>Us informem que la via que t\u00e9 ara la Generalitat per a \u00abl\u2019execuci\u00f3 for\u00e7osa\u00bb \u00e9s tornar a demanar perm\u00eds d\u2019acc\u00e9s a les instal\u00b7lacions reemissores als jutjats del contenci\u00f3s administratiu de Val\u00e8ncia, Alacant i Castell\u00f3.<\/p>\n<p>En aquest pols permanent de la Generalitat Valenciana a ACPV, la nostra entitat no es troba sola. A les mocions a favor d\u2019ACPV i TV3 aprovades per centenars d\u2019ajuntaments de tot l\u2019\u00e0mbit ling\u00fc\u00edstic s\u2019han d\u2019afegir les mostres de suport de desenes d\u2019entitats, personalitats i ciutadans del nostre pa\u00eds rebudes en les darreres setmanes.<\/p>\n<p>La resoluci\u00f3 del govern auton\u00f2mic valenci\u00e0 significa una conculcaci\u00f3 dels m\u00e9s elementals drets democr\u00e0tics, un atac a llibertat d\u2019expressi\u00f3 i a la pluralitat informativa sense precedents a l\u2019Europa occidental, i una agressi\u00f3 a la llengua, davant la gravetat de la qual ACPV farem p\u00fablic en pocs dies les iniciatives que pensem impulsar.\n<\/p><\/blockquote>\n<hr \/>\n<h2>Enlla\u00e7os:<\/h2>\n<ul>\n<li><a href=\"http:\/\/bibiloni.cat\/blog\/?p=321\" target=\"_blank\">El blog de Gabriel Bibiloni<\/a>: \u00abIncendiaris\u00bb<\/li>\n<li><em><a href=\"http:\/\/paper.avui.cat\/article\/opinio\/98929\/euros\/escarment.html\" target=\"_blank\">Avui<\/a><\/em>: \u00ab300.000 euros per a escarment\u00bb de Vicent Sanchis\n<\/ul>\n","protected":false},"excerpt":{"rendered":"<p>Continua l&#8217;atac del govern del PP valenci\u00e0 contra la llibertat d&#8217;informaci\u00f3 dels valencians. Francisco Camps pret\u00e9n ignorar la Carta europea de les lleng\u00fces i s&#8217;encabota a posar obstacles i crear fronteres contra la difusi\u00f3 de la llengua i la cultura entre Catalunya i el Pa\u00eds Valenci\u00e0. Un sainet ideol\u00f2gic que compartix amb Moh\u00e0mmed VI (Marroc) [&hellip;]<\/p>\n","protected":false},"author":2,"featured_media":0,"comment_status":"open","ping_status":"open","sticky":false,"template":"","format":"standard","meta":{"footnotes":""},"categories":[36,2,1,19,34],"tags":[],"class_list":["post-187","post","type-post","status-publish","format-standard","hentry","category-allofobia","category-comunicacio","category-general","category-politica","category-tv3"],"_links":{"self":[{"href":"https:\/\/www.cdlpv.org\/dtl\/wp-json\/wp\/v2\/posts\/187","targetHints":{"allow":["GET"]}}],"collection":[{"href":"https:\/\/www.cdlpv.org\/dtl\/wp-json\/wp\/v2\/posts"}],"about":[{"href":"https:\/\/www.cdlpv.org\/dtl\/wp-json\/wp\/v2\/types\/post"}],"author":[{"embeddable":true,"href":"https:\/\/www.cdlpv.org\/dtl\/wp-json\/wp\/v2\/users\/2"}],"replies":[{"embeddable":true,"href":"https:\/\/www.cdlpv.org\/dtl\/wp-json\/wp\/v2\/comments?post=187"}],"version-history":[{"count":0,"href":"https:\/\/www.cdlpv.org\/dtl\/wp-json\/wp\/v2\/posts\/187\/revisions"}],"wp:attachment":[{"href":"https:\/\/www.cdlpv.org\/dtl\/wp-json\/wp\/v2\/media?parent=187"}],"wp:term":[{"taxonomy":"category","embeddable":true,"href":"https:\/\/www.cdlpv.org\/dtl\/wp-json\/wp\/v2\/categories?post=187"},{"taxonomy":"post_tag","embeddable":true,"href":"https:\/\/www.cdlpv.org\/dtl\/wp-json\/wp\/v2\/tags?post=187"}],"curies":[{"name":"wp","href":"https:\/\/api.w.org\/{rel}","templated":true}]}}