{"id":1854,"date":"2010-11-23T14:41:02","date_gmt":"2010-11-23T13:41:02","guid":{"rendered":"http:\/\/www.cdlpv.org\/dtl\/?p=1854"},"modified":"2010-11-23T14:41:02","modified_gmt":"2010-11-23T13:41:02","slug":"fes-teu-el-valencia","status":"publish","type":"post","link":"https:\/\/www.cdlpv.org\/dtl\/2010\/11\/23\/fes-teu-el-valencia\/","title":{"rendered":"Fes teu el valenci\u00e0"},"content":{"rendered":"<p>Ac\u00ed teniu el v\u00eddeo de la campanya d&#8217;El Tempir d&#8217;Elx:<\/p>\n<p><object width=\"426.6\" height=\"260\"><param name=\"movie\" value=\"http:\/\/www.youtube.com\/v\/hUQF0V8-or8&#038;hl=en_US&#038;feature=player_embedded&#038;version=3\"><\/param><param name=\"allowFullScreen\" value=\"true\"><\/param><param name=\"allowScriptAccess\" value=\"always\"><\/param><embed src=\"http:\/\/www.youtube.com\/v\/hUQF0V8-or8&#038;hl=en_US&#038;feature=player_embedded&#038;version=3\" type=\"application\/x-shockwave-flash\" allowfullscreen=\"true\" allowScriptAccess=\"always\" width=\"426.6\" height=\"260\"><\/embed><\/object><\/p>\n<p>Un espot que llan\u00e7a un missatge positiu sobre les possibilitats m\u00e9s habituals de l&#8217;\u00fas del valenci\u00e0 a Elx, ha al\u00e7at una petita polseguera a c\u00e0rrec d&#8217;alguns dirigents del Partit Popular al Pa\u00eds Valenci\u00e0. Si la campanya, tal com ha assegurat Antonio Clemente, secretari general del <span class=\"versaleta\">pp<\/span> valenci\u00e0, \u00abatempta greument contra les senyes d&#8217;identitat de la Comunitat Valenciana\u00bb, esperem, m\u00e9s enll\u00e0 d&#8217;eixe titular, que s\u00e0pien explicar-mos en quin moment i de quina manera la promoci\u00f3 de l&#8217;\u00fas del valenci\u00e0 atempta contra la identitat dels valencians representants per Antonio Clemente i el seu partit pol\u00edtic.<\/p>\n","protected":false},"excerpt":{"rendered":"<p>Ac\u00ed teniu el v\u00eddeo de la campanya d&#8217;El Tempir d&#8217;Elx: Un espot que llan\u00e7a un missatge positiu sobre les possibilitats m\u00e9s habituals de l&#8217;\u00fas del valenci\u00e0 a Elx, ha al\u00e7at una petita polseguera a c\u00e0rrec d&#8217;alguns dirigents del Partit Popular al Pa\u00eds Valenci\u00e0. Si la campanya, tal com ha assegurat Antonio Clemente, secretari general del [&hellip;]<\/p>\n","protected":false},"author":2,"featured_media":0,"comment_status":"open","ping_status":"open","sticky":false,"template":"","format":"standard","meta":{"footnotes":""},"categories":[2,1,27],"tags":[85,172],"class_list":["post-1854","post","type-post","status-publish","format-standard","hentry","category-comunicacio","category-general","category-sociolinguistica","tag-campanyes","tag-elx"],"_links":{"self":[{"href":"https:\/\/www.cdlpv.org\/dtl\/wp-json\/wp\/v2\/posts\/1854","targetHints":{"allow":["GET"]}}],"collection":[{"href":"https:\/\/www.cdlpv.org\/dtl\/wp-json\/wp\/v2\/posts"}],"about":[{"href":"https:\/\/www.cdlpv.org\/dtl\/wp-json\/wp\/v2\/types\/post"}],"author":[{"embeddable":true,"href":"https:\/\/www.cdlpv.org\/dtl\/wp-json\/wp\/v2\/users\/2"}],"replies":[{"embeddable":true,"href":"https:\/\/www.cdlpv.org\/dtl\/wp-json\/wp\/v2\/comments?post=1854"}],"version-history":[{"count":0,"href":"https:\/\/www.cdlpv.org\/dtl\/wp-json\/wp\/v2\/posts\/1854\/revisions"}],"wp:attachment":[{"href":"https:\/\/www.cdlpv.org\/dtl\/wp-json\/wp\/v2\/media?parent=1854"}],"wp:term":[{"taxonomy":"category","embeddable":true,"href":"https:\/\/www.cdlpv.org\/dtl\/wp-json\/wp\/v2\/categories?post=1854"},{"taxonomy":"post_tag","embeddable":true,"href":"https:\/\/www.cdlpv.org\/dtl\/wp-json\/wp\/v2\/tags?post=1854"}],"curies":[{"name":"wp","href":"https:\/\/api.w.org\/{rel}","templated":true}]}}