{"id":1852,"date":"2010-11-22T12:29:02","date_gmt":"2010-11-22T11:29:02","guid":{"rendered":"http:\/\/www.cdlpv.org\/dtl\/?p=1852"},"modified":"2010-11-22T12:29:02","modified_gmt":"2010-11-22T11:29:02","slug":"debat-en-el-consell-social-de-la-llengua-catalana","status":"publish","type":"post","link":"https:\/\/www.cdlpv.org\/dtl\/2010\/11\/22\/debat-en-el-consell-social-de-la-llengua-catalana\/","title":{"rendered":"Debat en el Consell Social de la Llengua Catalana"},"content":{"rendered":"<p>Marta Torres Vilatarsana ens envia  a trav\u00e9s d&#8217;Infoz\u00e8fir la informaci\u00f3 seg\u00fcent:<\/p>\n<blockquote><p>\nEl dia 3 de juliol del 2009 (fa, doncs, m\u00e9s d\u2019un any) trenta membres del Consell Social de la Llengua Catalana <span class=\"versaleta\">(cslc)<\/span> adre\u00e7aren una demanda oficial (n\u00famero de registre d\u2019entrada 098E\/5806\/2009) al president del Consell [per convocar una reuni\u00f3 plen\u00e0ria extraordin\u00e0ria, davant la gravetat de la situaci\u00f3 de la llengua]. No havent-hi hagut cap resposta oficial, els trenta signants han consensuat que la demanda sigui publicada per <em>Llengua Nacional<\/em>.<\/p>\n<p><em>Llengua Nacional<\/em> &#8211; n\u00fam. 73 &#8211; IV trimestre del 2010 &#8211; <a href=\"http:\/\/cv.uoc.edu\/~grc0_003638_web\/2010%20Llengua%20Nacional%2073%20-%20CSLC.pdf\" target=\"_blank\"><span class=\"versaleta\">[pdf]<\/span><\/a><\/p>\n<p>Font: Miquel Strubell Trueta\n<\/p><\/blockquote>\n<p>Els punts que volen debatre s\u00f3n els seg\u00fcents:<\/p>\n<blockquote><p>\n<em>a<\/em>) La llengua catalana no presenta cap dificultat intr\u00ednseca perqu\u00e8 sigui plenament normal a Catalunya.<br \/>\n<em>b<\/em>) Les dificultats per a la plena normalitzaci\u00f3 del catal\u00e0 a Catalunya s\u00f3n extraling\u00fc\u00edstiques i d\u2019ordre pol\u00edtic.\n<\/p><\/blockquote>\n<p>Naturalment, podem fer extensiu al Pa\u00eds Valenci\u00e0 el mateix debat, i fins i tot no estaria malament si pogu\u00e9rem comprovar fins a quin punt ens \u00e9s aplicable una de les conclusions del document:<\/p>\n<blockquote><p>La llengua catalana nom\u00e9s ser\u00e0 normal a Catalunya si els seus Parlament i Govern s\u00f3n pol\u00edticament sobirans en tots els \u00e0mbits i no sotmesos, en les seves decisions pol\u00edtiques, a cap altre poder legislatiu o executiu que el poble de Catalunya no hagi acceptat lliurement.<\/p><\/blockquote>\n","protected":false},"excerpt":{"rendered":"<p>Marta Torres Vilatarsana ens envia a trav\u00e9s d&#8217;Infoz\u00e8fir la informaci\u00f3 seg\u00fcent: El dia 3 de juliol del 2009 (fa, doncs, m\u00e9s d\u2019un any) trenta membres del Consell Social de la Llengua Catalana (cslc) adre\u00e7aren una demanda oficial (n\u00famero de registre d\u2019entrada 098E\/5806\/2009) al president del Consell [per convocar una reuni\u00f3 plen\u00e0ria extraordin\u00e0ria, davant la gravetat [&hellip;]<\/p>\n","protected":false},"author":2,"featured_media":0,"comment_status":"open","ping_status":"open","sticky":false,"template":"","format":"standard","meta":{"footnotes":""},"categories":[36,2,3,4,1,27],"tags":[96,417],"class_list":["post-1852","post","type-post","status-publish","format-standard","hentry","category-allofobia","category-comunicacio","category-documentacio","category-dret","category-general","category-sociolinguistica","tag-catalunya","tag-revistes"],"_links":{"self":[{"href":"https:\/\/www.cdlpv.org\/dtl\/wp-json\/wp\/v2\/posts\/1852","targetHints":{"allow":["GET"]}}],"collection":[{"href":"https:\/\/www.cdlpv.org\/dtl\/wp-json\/wp\/v2\/posts"}],"about":[{"href":"https:\/\/www.cdlpv.org\/dtl\/wp-json\/wp\/v2\/types\/post"}],"author":[{"embeddable":true,"href":"https:\/\/www.cdlpv.org\/dtl\/wp-json\/wp\/v2\/users\/2"}],"replies":[{"embeddable":true,"href":"https:\/\/www.cdlpv.org\/dtl\/wp-json\/wp\/v2\/comments?post=1852"}],"version-history":[{"count":0,"href":"https:\/\/www.cdlpv.org\/dtl\/wp-json\/wp\/v2\/posts\/1852\/revisions"}],"wp:attachment":[{"href":"https:\/\/www.cdlpv.org\/dtl\/wp-json\/wp\/v2\/media?parent=1852"}],"wp:term":[{"taxonomy":"category","embeddable":true,"href":"https:\/\/www.cdlpv.org\/dtl\/wp-json\/wp\/v2\/categories?post=1852"},{"taxonomy":"post_tag","embeddable":true,"href":"https:\/\/www.cdlpv.org\/dtl\/wp-json\/wp\/v2\/tags?post=1852"}],"curies":[{"name":"wp","href":"https:\/\/api.w.org\/{rel}","templated":true}]}}