{"id":1850,"date":"2010-11-19T14:36:13","date_gmt":"2010-11-19T13:36:13","guid":{"rendered":"http:\/\/www.cdlpv.org\/dtl\/?p=1850"},"modified":"2010-11-19T14:36:13","modified_gmt":"2010-11-19T13:36:13","slug":"reciprocitat-demissions-amb-larago","status":"publish","type":"post","link":"https:\/\/www.cdlpv.org\/dtl\/2010\/11\/19\/reciprocitat-demissions-amb-larago\/","title":{"rendered":"Reciprocitat d&#8217;emissions amb l&#8217;Arag\u00f3"},"content":{"rendered":"<p>Els <em>Flaixos d\u2019Actualitat<\/em> (<a href=\"http:\/\/www6.gencat.cat\/llengcat\/Flaixos_62\/www20.gencat.cat\/portal\/site\/Llengcat\/menuitem.08f45c9e3857090e3285bdb1b0c0e1a0\/index88fa.html\" target=\"_blank\">n\u00fam. 62<\/a>, 18.11.2010) ens envien, entre altres, la informaci\u00f3 seg\u00fcent:<\/p>\n<blockquote><p>\nEl Govern aragon\u00e8s ha publicat l&#8217;Ordre de 25 d&#8217;octubre de 2010, per la qual es disposa la publicaci\u00f3 del Conveni de co&#320;laboraci\u00f3 entre la Generalitat de Catalunya i la Comunitat Aut\u00f2noma d&#8217;Arag\u00f3, per a la difusi\u00f3 de les emissions dels canals de televisi\u00f3 de titularitat p\u00fablica als territoris respectius. El Conveni el publica en castell\u00e0 el Butllet\u00ed Oficial d&#8217;Arag\u00f3 n\u00fam. 215, de 25 d&#8217;octubre de 2010.<\/p>\n<p>Es pot consultar a: <span class=\"versaleta\"><em>boa<\/em><\/span> <a href=\"http:\/\/www.boa.aragon.es\/cgi-bin\/EBOA\/BRSCGI?CMD=VEROBJ&#038;MLKOB=557617460505\" target=\"_blank\"><span class=\"versaleta\"><em>pdf<\/em><\/span><\/a>\n<\/p><\/blockquote>\n","protected":false},"excerpt":{"rendered":"<p>Els Flaixos d\u2019Actualitat (n\u00fam. 62, 18.11.2010) ens envien, entre altres, la informaci\u00f3 seg\u00fcent: El Govern aragon\u00e8s ha publicat l&#8217;Ordre de 25 d&#8217;octubre de 2010, per la qual es disposa la publicaci\u00f3 del Conveni de co&#320;laboraci\u00f3 entre la Generalitat de Catalunya i la Comunitat Aut\u00f2noma d&#8217;Arag\u00f3, per a la difusi\u00f3 de les emissions dels canals de [&hellip;]<\/p>\n","protected":false},"author":2,"featured_media":0,"comment_status":"open","ping_status":"open","sticky":false,"template":"","format":"standard","meta":{"footnotes":""},"categories":[2,4,1,34],"tags":[465],"class_list":["post-1850","post","type-post","status-publish","format-standard","hentry","category-comunicacio","category-dret","category-general","category-tv3","tag-televisio"],"_links":{"self":[{"href":"https:\/\/www.cdlpv.org\/dtl\/wp-json\/wp\/v2\/posts\/1850","targetHints":{"allow":["GET"]}}],"collection":[{"href":"https:\/\/www.cdlpv.org\/dtl\/wp-json\/wp\/v2\/posts"}],"about":[{"href":"https:\/\/www.cdlpv.org\/dtl\/wp-json\/wp\/v2\/types\/post"}],"author":[{"embeddable":true,"href":"https:\/\/www.cdlpv.org\/dtl\/wp-json\/wp\/v2\/users\/2"}],"replies":[{"embeddable":true,"href":"https:\/\/www.cdlpv.org\/dtl\/wp-json\/wp\/v2\/comments?post=1850"}],"version-history":[{"count":0,"href":"https:\/\/www.cdlpv.org\/dtl\/wp-json\/wp\/v2\/posts\/1850\/revisions"}],"wp:attachment":[{"href":"https:\/\/www.cdlpv.org\/dtl\/wp-json\/wp\/v2\/media?parent=1850"}],"wp:term":[{"taxonomy":"category","embeddable":true,"href":"https:\/\/www.cdlpv.org\/dtl\/wp-json\/wp\/v2\/categories?post=1850"},{"taxonomy":"post_tag","embeddable":true,"href":"https:\/\/www.cdlpv.org\/dtl\/wp-json\/wp\/v2\/tags?post=1850"}],"curies":[{"name":"wp","href":"https:\/\/api.w.org\/{rel}","templated":true}]}}