{"id":1832,"date":"2010-11-10T15:01:02","date_gmt":"2010-11-10T14:01:02","guid":{"rendered":"http:\/\/www.cdlpv.org\/dtl\/?p=1832"},"modified":"2010-11-10T15:01:02","modified_gmt":"2010-11-10T14:01:02","slug":"el-coneixement-suficient-de-lidioma-universitari","status":"publish","type":"post","link":"https:\/\/www.cdlpv.org\/dtl\/2010\/11\/10\/el-coneixement-suficient-de-lidioma-universitari\/","title":{"rendered":"El coneixement suficient de l&#8217;idioma universitari"},"content":{"rendered":"<p>Els estats espanyols i andorr\u00e0 han firmat un <a href=\"http:\/\/www.einesdellengua.com\/Legis\/Arxius\/estatal\/Aesp-and-univ.htm\" target=\"_blank\">acord<\/a> sobre l&#8217;acc\u00e9s a la universitat, acord que t\u00e9 una cl\u00e0usula ling\u00fc\u00edstica interessant:<\/p>\n<blockquote><p>\nAsimismo las universidades podr\u00e1n exigir la acreditaci\u00f3n de un conocimiento suficiente del idioma en que se imparten las ense\u00f1anzas.\n<\/p><\/blockquote>\n<p>\u00c9s estrany que no hajam sentit massa escama en este cas despr\u00e9s del rebombori sobre la legislaci\u00f3 catalana en una q\u00fcesti\u00f3 semblant.<\/p>\n<hr>\n<\/hr>\n<ul>\n<li>M\u00e9s dades sobre <a href=\"http:\/\/www.einesdellengua.com\/Legis\/Entorn.htm\" target=\"_blank\">legislaci\u00f3<\/a> ling\u00fc\u00edstica en el <a href=\"http:\/\/www.einesdellengua.com\" target=\"_blank\">web<\/a> Eines de Llengua.<br \/>\n","protected":false},"excerpt":{"rendered":"<p>Els estats espanyols i andorr\u00e0 han firmat un acord sobre l&#8217;acc\u00e9s a la universitat, acord que t\u00e9 una cl\u00e0usula ling\u00fc\u00edstica interessant: Asimismo las universidades podr\u00e1n exigir la acreditaci\u00f3n de un conocimiento suficiente del idioma en que se imparten las ense\u00f1anzas. \u00c9s estrany que no hajam sentit massa escama en este cas despr\u00e9s del rebombori sobre [&hellip;]<\/p>\n","protected":false},"author":2,"featured_media":0,"comment_status":"open","ping_status":"open","sticky":false,"template":"","format":"standard","meta":{"footnotes":""},"categories":[3,4,10,1,24],"tags":[59,500],"class_list":["post-1832","post","type-post","status-publish","format-standard","hentry","category-documentacio","category-dret","category-formacio","category-general","category-requisit-linguistic","tag-andorra","tag-universitats"],"_links":{"self":[{"href":"https:\/\/www.cdlpv.org\/dtl\/wp-json\/wp\/v2\/posts\/1832","targetHints":{"allow":["GET"]}}],"collection":[{"href":"https:\/\/www.cdlpv.org\/dtl\/wp-json\/wp\/v2\/posts"}],"about":[{"href":"https:\/\/www.cdlpv.org\/dtl\/wp-json\/wp\/v2\/types\/post"}],"author":[{"embeddable":true,"href":"https:\/\/www.cdlpv.org\/dtl\/wp-json\/wp\/v2\/users\/2"}],"replies":[{"embeddable":true,"href":"https:\/\/www.cdlpv.org\/dtl\/wp-json\/wp\/v2\/comments?post=1832"}],"version-history":[{"count":0,"href":"https:\/\/www.cdlpv.org\/dtl\/wp-json\/wp\/v2\/posts\/1832\/revisions"}],"wp:attachment":[{"href":"https:\/\/www.cdlpv.org\/dtl\/wp-json\/wp\/v2\/media?parent=1832"}],"wp:term":[{"taxonomy":"category","embeddable":true,"href":"https:\/\/www.cdlpv.org\/dtl\/wp-json\/wp\/v2\/categories?post=1832"},{"taxonomy":"post_tag","embeddable":true,"href":"https:\/\/www.cdlpv.org\/dtl\/wp-json\/wp\/v2\/tags?post=1832"}],"curies":[{"name":"wp","href":"https:\/\/api.w.org\/{rel}","templated":true}]}}