{"id":183,"date":"2007-09-17T11:56:49","date_gmt":"2007-09-17T10:56:49","guid":{"rendered":"http:\/\/www.cdlpv.org\/dtl\/?p=183"},"modified":"2007-09-17T11:56:49","modified_gmt":"2007-09-17T10:56:49","slug":"els-linguistes-de-ladministracio-publica","status":"publish","type":"post","link":"https:\/\/www.cdlpv.org\/dtl\/2007\/09\/17\/els-linguistes-de-ladministracio-publica\/","title":{"rendered":"Els ling\u00fcistes de l&#8217;administraci\u00f3 p\u00fablica"},"content":{"rendered":"<p>Els companys i companyes ling\u00fcistes estan classificats de maneres bastant diverses en les distintes administracions p\u00fabliques valencianes. Actualment f\u00f3ra quasi tema per a una tesi recollir totes les classificacions (funcions, sous, condicions de treball, etc.) que es donen en l&#8217;administraci\u00f3 local [veg. <a href=\"http:\/\/www.geocities.com\/golls.geo\/ServeisL\/Entorn.htm\" target=\"_blank\">serveis ling\u00fc\u00edstics<\/a>].<\/p>\n<p>En canvi, no hauria de ser tan complex con\u00e9ixer l&#8217;estat d&#8217;eixos professionals en la Generalitat valenciana, que \u00e9s el que hem recollit en una fitxa: <span class=\"versaleta\"><a href=\"http:\/\/www.cdlpv.org\/Fitxes\/Textos\/T\/tmpl.htm\" target=\"_blank\">tmpl<\/a><\/span>.<\/p>\n","protected":false},"excerpt":{"rendered":"<p>Els companys i companyes ling\u00fcistes estan classificats de maneres bastant diverses en les distintes administracions p\u00fabliques valencianes. Actualment f\u00f3ra quasi tema per a una tesi recollir totes les classificacions (funcions, sous, condicions de treball, etc.) que es donen en l&#8217;administraci\u00f3 local [veg. serveis ling\u00fc\u00edstics]. En canvi, no hauria de ser tan complex con\u00e9ixer l&#8217;estat d&#8217;eixos [&hellip;]<\/p>\n","protected":false},"author":2,"featured_media":0,"comment_status":"open","ping_status":"open","sticky":false,"template":"","format":"standard","meta":{"footnotes":""},"categories":[38,1,15,26,31],"tags":[],"class_list":["post-183","post","type-post","status-publish","format-standard","hentry","category-avl","category-general","category-laboral","category-serveis-linguistics","category-tmpl"],"_links":{"self":[{"href":"https:\/\/www.cdlpv.org\/dtl\/wp-json\/wp\/v2\/posts\/183","targetHints":{"allow":["GET"]}}],"collection":[{"href":"https:\/\/www.cdlpv.org\/dtl\/wp-json\/wp\/v2\/posts"}],"about":[{"href":"https:\/\/www.cdlpv.org\/dtl\/wp-json\/wp\/v2\/types\/post"}],"author":[{"embeddable":true,"href":"https:\/\/www.cdlpv.org\/dtl\/wp-json\/wp\/v2\/users\/2"}],"replies":[{"embeddable":true,"href":"https:\/\/www.cdlpv.org\/dtl\/wp-json\/wp\/v2\/comments?post=183"}],"version-history":[{"count":0,"href":"https:\/\/www.cdlpv.org\/dtl\/wp-json\/wp\/v2\/posts\/183\/revisions"}],"wp:attachment":[{"href":"https:\/\/www.cdlpv.org\/dtl\/wp-json\/wp\/v2\/media?parent=183"}],"wp:term":[{"taxonomy":"category","embeddable":true,"href":"https:\/\/www.cdlpv.org\/dtl\/wp-json\/wp\/v2\/categories?post=183"},{"taxonomy":"post_tag","embeddable":true,"href":"https:\/\/www.cdlpv.org\/dtl\/wp-json\/wp\/v2\/tags?post=183"}],"curies":[{"name":"wp","href":"https:\/\/api.w.org\/{rel}","templated":true}]}}