{"id":1828,"date":"2010-11-03T14:49:30","date_gmt":"2010-11-03T13:49:30","guid":{"rendered":"http:\/\/www.cdlpv.org\/dtl\/?p=1828"},"modified":"2010-11-03T14:49:30","modified_gmt":"2010-11-03T13:49:30","slug":"seminari-de-la-scaterm-sobre-paraules-clau-i-indexs-de-llibres","status":"publish","type":"post","link":"https:\/\/www.cdlpv.org\/dtl\/2010\/11\/03\/seminari-de-la-scaterm-sobre-paraules-clau-i-indexs-de-llibres\/","title":{"rendered":"Seminari de la Scaterm sobre paraules clau i \u00edndexs de llibres"},"content":{"rendered":"<p>Marta Torres Vilatarsana ens fa arribar a trav\u00e9s d&#8217;Infoz\u00e8fir la convocat\u00f2ria seg\u00fcent:<\/p>\n<blockquote>\n<h2>V Seminari de Terminologia<\/h2>\n<p>La Societat Catalana de Terminologia, filial de l\u2019Institut d\u2019Estudis Catalans, anuncia el V Seminari de Terminologia, \u00abL\u2019establiment de paraules clau i la redacci\u00f3 d\u2019\u00edndexs de llibre\u00bb, que tindr\u00e0 lloc el dijous 25 de novembre a la Reial Acad\u00e8mia de Medicina (carrer del Carme, 47 &#8211; Barcelona).<\/p>\n<p>Trobareu tota la informaci\u00f3 necess\u00e0ria i la butlleta d\u2019inscripci\u00f3 al web de la <span class=\"versaleta\">scaterm<\/span>: <a href=\"http:\/\/scaterm.iec.cat\"><em>http:\/\/scaterm.iec.cat<\/em><\/a><\/p>\n<p>Esperem que el seminari sigui del vostre inter\u00e8s, i us animem a participar-hi i a fer-ne difusi\u00f3.<\/p>\n<p><span class=\"versaleta\">font<\/span>: Vocalia de Comunicaci\u00f3 de la <span class=\"versaleta\">scaterm<\/span>\n<\/p><\/blockquote>\n","protected":false},"excerpt":{"rendered":"<p>Marta Torres Vilatarsana ens fa arribar a trav\u00e9s d&#8217;Infoz\u00e8fir la convocat\u00f2ria seg\u00fcent: V Seminari de Terminologia La Societat Catalana de Terminologia, filial de l\u2019Institut d\u2019Estudis Catalans, anuncia el V Seminari de Terminologia, \u00abL\u2019establiment de paraules clau i la redacci\u00f3 d\u2019\u00edndexs de llibre\u00bb, que tindr\u00e0 lloc el dijous 25 de novembre a la Reial Acad\u00e8mia de [&hellip;]<\/p>\n","protected":false},"author":2,"featured_media":0,"comment_status":"open","ping_status":"open","sticky":false,"template":"","format":"standard","meta":{"footnotes":""},"categories":[2,10,1,30],"tags":[431],"class_list":["post-1828","post","type-post","status-publish","format-standard","hentry","category-comunicacio","category-formacio","category-general","category-terminologia","tag-scaterm"],"_links":{"self":[{"href":"https:\/\/www.cdlpv.org\/dtl\/wp-json\/wp\/v2\/posts\/1828","targetHints":{"allow":["GET"]}}],"collection":[{"href":"https:\/\/www.cdlpv.org\/dtl\/wp-json\/wp\/v2\/posts"}],"about":[{"href":"https:\/\/www.cdlpv.org\/dtl\/wp-json\/wp\/v2\/types\/post"}],"author":[{"embeddable":true,"href":"https:\/\/www.cdlpv.org\/dtl\/wp-json\/wp\/v2\/users\/2"}],"replies":[{"embeddable":true,"href":"https:\/\/www.cdlpv.org\/dtl\/wp-json\/wp\/v2\/comments?post=1828"}],"version-history":[{"count":0,"href":"https:\/\/www.cdlpv.org\/dtl\/wp-json\/wp\/v2\/posts\/1828\/revisions"}],"wp:attachment":[{"href":"https:\/\/www.cdlpv.org\/dtl\/wp-json\/wp\/v2\/media?parent=1828"}],"wp:term":[{"taxonomy":"category","embeddable":true,"href":"https:\/\/www.cdlpv.org\/dtl\/wp-json\/wp\/v2\/categories?post=1828"},{"taxonomy":"post_tag","embeddable":true,"href":"https:\/\/www.cdlpv.org\/dtl\/wp-json\/wp\/v2\/tags?post=1828"}],"curies":[{"name":"wp","href":"https:\/\/api.w.org\/{rel}","templated":true}]}}