{"id":1825,"date":"2010-10-29T13:14:20","date_gmt":"2010-10-29T12:14:20","guid":{"rendered":"http:\/\/www.cdlpv.org\/dtl\/?p=1825"},"modified":"2010-10-29T13:14:20","modified_gmt":"2010-10-29T12:14:20","slug":"la-suspensio-del-reglament-linguistic-de-barcelona-i-de-la-diputacio-de-lleida","status":"publish","type":"post","link":"https:\/\/www.cdlpv.org\/dtl\/2010\/10\/29\/la-suspensio-del-reglament-linguistic-de-barcelona-i-de-la-diputacio-de-lleida\/","title":{"rendered":"La suspensi\u00f3 del reglament ling\u00fc\u00edstic de Barcelona i de la Diputaci\u00f3 de Lleida"},"content":{"rendered":"<p>Els Amics de la Bressola ens fan arribar la notra de premsa de l&#8217;Associaci\u00f3 de Juristes en Defensa de la Llengua Pr\u00f2pia sobre <a href=\"http:\/\/www.avui.cat\/noticia\/article\/2-societat\/5-societat\/321980-el-tsjc-suspen-cautelarment-el-reglament-dus-del-catala-a-lajuntament-de-barcelona.html\">la suspensi\u00f3 dels reglaments ling\u00fc\u00edstics<\/a> de Barcelona i de la Diputaci\u00f3 de Lleida:<\/p>\n<blockquote>\n<h2>Sobre la suspensi\u00f3 cautelar dels reglaments d\u2019usos ling\u00fc\u00edstics de l\u2019Ajuntament de Barcelona i de la Diputaci\u00f3 de Lleida<\/h2>\n<p>Volem expressar el nostre rebuig i advertir del perill que suposa per a la llengua catalana la interpretaci\u00f3 que s\u2019expressa en les resolucions judicials <strong>dictades per la Sala Contenciosa Administrativa del Tribunal Superior de Just\u00edcia de Catalunya, la qual, com \u00e9s habitual, opta per emprar la llengua castellana<\/strong>. <\/p>\n<p>Es fa una dubtosa interpretaci\u00f3 de la funci\u00f3 de les mesures cautelars en favor de la llengua castellana, com si existissin possibles perjudicats i danys d\u2019impossible reparaci\u00f3 pel fet que les administracions fessin servir la llengua catalana com a preferent, que no \u00fanica. <\/p>\n<p>Prejutgen la resoluci\u00f3 de fons, cosa impr\u00f2pia d\u2019una resoluci\u00f3 cautelar, amb una interpretaci\u00f3 interessada i parcial de la sent\u00e8ncia del Tribunal Constitucional, sense tenir en compte la Llei de pol\u00edtica ling\u00fc\u00edstica de 1998, la Carta Europea de les Lleng\u00fces Regionals o Minorit\u00e0ries o la Declaraci\u00f3 Universal de Drets Ling\u00fc\u00edstics, que obliguen a les autoritats estatals a adoptar les mesures de protecci\u00f3 de la llengua pr\u00f2pia del territori. <\/p>\n<p><strong>Tamb\u00e9 avancen elements interpretatius de la futura sent\u00e8ncia en favor dels esquemes de pol\u00edtica ling\u00fc\u00edstica clarament coincidents amb el Partit Popular i Conviv\u00e8ncia C\u00edvica Catalana. <\/strong>Per aquesta via, aquestes formacions pol\u00edtiques minorit\u00e0ries intenten, antidemocr\u00e0ticament, fer \u00fas de la sent\u00e8ncia del Tribunal Constitucional sobre l\u2019Estatut per limitar el dret dels catalans a emprar la llengua pr\u00f2pia en l\u2019\u00e0mbit de Catalunya. <\/p>\n<p>Pensem que la gent que v\u00e0rem sortir a manifestar-nos contra la retallada de l\u2019Estatut per part del Tribunal Constitucional haur\u00edem de seguir expressant el nostre rebuig de manera activa i clara tamb\u00e9 davant de cada retallada efectiva de l\u2019\u00fas de la nostra llengua, com \u00e9s el cas d\u2019 aquestes resolucions judicials.   <\/p>\n<p>28 d\u2019octubre de 2010\n<\/p><\/blockquote>\n","protected":false},"excerpt":{"rendered":"<p>Els Amics de la Bressola ens fan arribar la notra de premsa de l&#8217;Associaci\u00f3 de Juristes en Defensa de la Llengua Pr\u00f2pia sobre la suspensi\u00f3 dels reglaments ling\u00fc\u00edstics de Barcelona i de la Diputaci\u00f3 de Lleida: Sobre la suspensi\u00f3 cautelar dels reglaments d\u2019usos ling\u00fc\u00edstics de l\u2019Ajuntament de Barcelona i de la Diputaci\u00f3 de Lleida Volem [&hellip;]<\/p>\n","protected":false},"author":2,"featured_media":0,"comment_status":"open","ping_status":"open","sticky":false,"template":"","format":"standard","meta":{"footnotes":""},"categories":[36,2,4,1,19,23],"tags":[71,261,274,281],"class_list":["post-1825","post","type-post","status-publish","format-standard","hentry","category-allofobia","category-comunicacio","category-dret","category-general","category-politica","category-reglaments-linguistics","tag-barcelona","tag-juristes-per-la-llengua","tag-legislacio","tag-lleida"],"_links":{"self":[{"href":"https:\/\/www.cdlpv.org\/dtl\/wp-json\/wp\/v2\/posts\/1825","targetHints":{"allow":["GET"]}}],"collection":[{"href":"https:\/\/www.cdlpv.org\/dtl\/wp-json\/wp\/v2\/posts"}],"about":[{"href":"https:\/\/www.cdlpv.org\/dtl\/wp-json\/wp\/v2\/types\/post"}],"author":[{"embeddable":true,"href":"https:\/\/www.cdlpv.org\/dtl\/wp-json\/wp\/v2\/users\/2"}],"replies":[{"embeddable":true,"href":"https:\/\/www.cdlpv.org\/dtl\/wp-json\/wp\/v2\/comments?post=1825"}],"version-history":[{"count":0,"href":"https:\/\/www.cdlpv.org\/dtl\/wp-json\/wp\/v2\/posts\/1825\/revisions"}],"wp:attachment":[{"href":"https:\/\/www.cdlpv.org\/dtl\/wp-json\/wp\/v2\/media?parent=1825"}],"wp:term":[{"taxonomy":"category","embeddable":true,"href":"https:\/\/www.cdlpv.org\/dtl\/wp-json\/wp\/v2\/categories?post=1825"},{"taxonomy":"post_tag","embeddable":true,"href":"https:\/\/www.cdlpv.org\/dtl\/wp-json\/wp\/v2\/tags?post=1825"}],"curies":[{"name":"wp","href":"https:\/\/api.w.org\/{rel}","templated":true}]}}