{"id":182,"date":"2007-09-15T11:59:04","date_gmt":"2007-09-15T10:59:04","guid":{"rendered":"http:\/\/www.cdlpv.org\/dtl\/?p=182"},"modified":"2007-09-15T11:59:04","modified_gmt":"2007-09-15T10:59:04","slug":"leurocarta-i-les-bandositats-autonomiques","status":"publish","type":"post","link":"https:\/\/www.cdlpv.org\/dtl\/2007\/09\/15\/leurocarta-i-les-bandositats-autonomiques\/","title":{"rendered":"L&#8217;Eurocarta i les bandositats auton\u00f2miques"},"content":{"rendered":"<p>En un m\u00f3n cada vegada m\u00e9s ben comunicat, en tots els aspectes, hi ha \u00abespanyols\u00bb que mantenen uns tics at\u00e0vics de por a la lliure circulaci\u00f3 (d&#8217;idees, lleng\u00fces, pol\u00edtiques: no de capitals, <em>\u00e7a va de soi<\/em>). Tal com diu Baztarrika (en la versi\u00f3 del diari <em>El Pa\u00eds<\/em>, <a href=\"http:\/\/www.elpais.com\/articulo\/espana\/Gobierno\/vasco\/propone\/navarro\/crear\/organo\/comun\/impulsar\/euskera\/elpepuesp\/20070914elpepinac_8\/Tes\" target=\"_blank\">14.09.2007<\/a>), seria \u00abcompletament incomprensible\u00bb que no hi haguera cap problema perqu\u00e8 el Pa\u00eds Basc puga establir convenis de col\u00b7laboraci\u00f3 amb governs de tot el m\u00f3n i, en canvi, no puguera fer-ho amb Navarra. Certament, aix\u00ed pretenen alguns pol\u00edtics &mdash;a Madrid, al Pa\u00eds Basc o al Pa\u00eds Valenci\u00e0&mdash;  que siga el m\u00f3n: incomprensible, desconegut, perill\u00f3s&#8230; I aix\u00f2 \u00e9s justament el contrari del que hauria de ser la pol\u00edtica.<\/p>\n<p>La not\u00edcia del diari <em>Diario Vasco<\/em> (<a href=\"http:\/\/www.diariovasco.com\/20070913\/mas-actualidad\/politica\/gobierno-vasco-propone-navarro-200709131334.html\" target=\"_blank\">13.09.2007<\/a>; l&#8217;hem tradu\u00efda amb l&#8217;ajuda de l&#8217;<a href=\"http:\/\/internostrum.com\" target=\"_blank\">Internostrum<\/a>) \u00e9s la seg\u00fcent:<\/p>\n<blockquote>\n<h2>El Govern Basc proposa al navarr\u00e9s la creaci\u00f3 d&#8217;un \u00f2rgan per al foment de l&#8217;\u00e8uscar<\/h2>\n<h3>El viceconseller de Pol\u00edtica Ling\u00fc\u00edstica, Patxi Baztarrika, ha anunciat que el departament far\u00e0 arribar la iniciativa al govern foral \u00abimmediatament despr\u00e9s\u00bb que es constitu\u00efxca l&#8217;Institut Navarr\u00e9s del Basc<\/h3>\n<h5>Bilbao | Vasco Press &#8211; 13.09.07<\/h5>\n<p>El Govern Basc aprofitar\u00e0 el \u00abcanvi d&#8217;actitud\u00bb intu\u00eft amb el nou executiu navarr\u00e9s per a proposar-li la creaci\u00f3 d&#8217;un \u00f2rgan com\u00fa permanent per al foment de l&#8217;\u00e8uscar, basat en el \u00abm\u00e9s absolut respecte institucional i a les respectives estructures juridicoadministratives\u00bb.<\/p>\n<p>Segons ha anunciat avui el viceconseller de Pol\u00edtica Ling\u00fc\u00edstica, Patxi Baztarrika, el departament far\u00e0 arribar la iniciativa al govern foral \u00abimmediatament despr\u00e9s\u00bb que es constitu\u00efxca l&#8217;Institut Navarr\u00e9s del Basc. \u00abSense perdre ni un sol minut ens posarem en contacte amb els seus responsables\u00bb, ha avan\u00e7at.<\/p>\n<p>Baztarrika ha valorat este mat\u00ed a Bilbao l&#8217;informe lliurat al Consell d&#8217;Europa sobre grau de compliment de la Carta Europea de les Lleng\u00fces Regionals (Eurocarta), abans de viatjar a Madrid per a reunir-se amb el Comit\u00e9 d&#8217;Experts del Consell d&#8217;Europa. \u00abAcudim amb els deures fets\u00bb, ha indicat.<\/p>\n<p>En l&#8217;estudi basc, lliurat al Ministeri d&#8217;Administracions P\u00fabliques perqu\u00e8 siga incl\u00f2s en el text final, el govern aut\u00f2nom ha tingut en compte la Comunitat Aut\u00f2noma Basca, Euskadi Nord, la Comunitat Foral de Navarra i l&#8217;administraci\u00f3 central i els seus organismes.<\/p>\n<p>Baztarrika ha destacat el \u00abcontinu i progressiu\u00bb avan\u00e7 que est\u00e0 experimentant la llengua basca a Euskadi ja que cada vegada s\u00f3n m\u00e9s els ciutadans que saben \u00e8uscar i cada vegada \u00e9s major el seu \u00fas. \u00abL&#8217;\u00e8uscar est\u00e0 present cada vegada m\u00e9s en m\u00e9s \u00e0mbits i pr\u00e0cticament el 100&nbsp;% dels pares bascoparlants garantixen la transmissi\u00f3 generacional de l&#8217;\u00e8uscar\u00bb, ha explicat.<\/p>\n<p>Quant a la comunitat foral navarresa, el viceconseller considera \u00abtotalment necess\u00e0ria la col\u00b7laboraci\u00f3 i coordinaci\u00f3\u00bb entre ambd\u00f3s governs en mat\u00e8ria de promoci\u00f3 de l&#8217;\u00e8uscar. En aquest sentit, ha lamentat que fins al moment, a pesar dels \u00abreiterats intents\u00bb, no haja estat possible establir el \u00abm\u00e9s m\u00ednim marc de col\u00b7laboraci\u00f3\u00bb a causa del fet que el Govern navarr\u00e9s \u00abha posat un color i un \u00fas pol\u00edtic a l&#8217;\u00e8uscar que en res l&#8217;afavorix i que per a res mereix, en lloc de partir de la consideraci\u00f3 de la llengua patrimoni de tots\u00bb.<\/p>\n<p>\u00abEsperem i desitgem que amb el nou govern recentment constitu\u00eft siga possible establir eixos canals de col\u00b7laboraci\u00f3 que no han resultat factibles amb l&#8217;anterior\u00bb, ha dit.<\/p>\n<p>Baztarrika ha advertit aix\u00ed mateix que el govern central \u00abest\u00e0 lluny\u00bb de complir amb el que recull l&#8217;Eurocarta i d&#8217;assumir el realment \u00abel car\u00e0cter pluriling\u00fce de l&#8217;estat i promoure el coneixement i l&#8217;\u00fas de les lleng\u00fces cooficials\u00bb.<\/p><\/blockquote>\n","protected":false},"excerpt":{"rendered":"<p>En un m\u00f3n cada vegada m\u00e9s ben comunicat, en tots els aspectes, hi ha \u00abespanyols\u00bb que mantenen uns tics at\u00e0vics de por a la lliure circulaci\u00f3 (d&#8217;idees, lleng\u00fces, pol\u00edtiques: no de capitals, \u00e7a va de soi). Tal com diu Baztarrika (en la versi\u00f3 del diari El Pa\u00eds, 14.09.2007), seria \u00abcompletament incomprensible\u00bb que no hi haguera [&hellip;]<\/p>\n","protected":false},"author":2,"featured_media":0,"comment_status":"open","ping_status":"open","sticky":false,"template":"","format":"standard","meta":{"footnotes":""},"categories":[36,1,47,19,35],"tags":[],"class_list":["post-182","post","type-post","status-publish","format-standard","hentry","category-allofobia","category-general","category-planificacio","category-politica","category-unio-europea"],"_links":{"self":[{"href":"https:\/\/www.cdlpv.org\/dtl\/wp-json\/wp\/v2\/posts\/182","targetHints":{"allow":["GET"]}}],"collection":[{"href":"https:\/\/www.cdlpv.org\/dtl\/wp-json\/wp\/v2\/posts"}],"about":[{"href":"https:\/\/www.cdlpv.org\/dtl\/wp-json\/wp\/v2\/types\/post"}],"author":[{"embeddable":true,"href":"https:\/\/www.cdlpv.org\/dtl\/wp-json\/wp\/v2\/users\/2"}],"replies":[{"embeddable":true,"href":"https:\/\/www.cdlpv.org\/dtl\/wp-json\/wp\/v2\/comments?post=182"}],"version-history":[{"count":0,"href":"https:\/\/www.cdlpv.org\/dtl\/wp-json\/wp\/v2\/posts\/182\/revisions"}],"wp:attachment":[{"href":"https:\/\/www.cdlpv.org\/dtl\/wp-json\/wp\/v2\/media?parent=182"}],"wp:term":[{"taxonomy":"category","embeddable":true,"href":"https:\/\/www.cdlpv.org\/dtl\/wp-json\/wp\/v2\/categories?post=182"},{"taxonomy":"post_tag","embeddable":true,"href":"https:\/\/www.cdlpv.org\/dtl\/wp-json\/wp\/v2\/tags?post=182"}],"curies":[{"name":"wp","href":"https:\/\/api.w.org\/{rel}","templated":true}]}}