{"id":1819,"date":"2010-10-27T11:15:41","date_gmt":"2010-10-27T10:15:41","guid":{"rendered":"http:\/\/www.cdlpv.org\/dtl\/?p=1819"},"modified":"2010-10-27T11:15:41","modified_gmt":"2010-10-27T10:15:41","slug":"joan-sola-gracies-noi","status":"publish","type":"post","link":"https:\/\/www.cdlpv.org\/dtl\/2010\/10\/27\/joan-sola-gracies-noi\/","title":{"rendered":"Joan Sol\u00e0: \u00abGr\u00e0cies, noi\u00bb"},"content":{"rendered":"<p>Encara esperava jo poder intercanviar molts comentaris i rebre indicacions i dades per a completar o esmenar les fitxes de la CDLPV, perqu\u00e8 entre els destinataris m\u00e9s i&#320;lustres i sabuts que les reben amb paci\u00e8ncia i que, de tant en tant, em permeten exposar-hi els seus coneixements, hi ha Joan Sol\u00e0 Cortassa. Les rebia, m&#8217;ho permetia, hi havia&#8230; Acabe de saber que <a href=\"http:\/\/www.vilaweb.cat\/noticia\/3794619\/mort-joan-sola.html\" target=\"_blank\">s&#8217;ha mort<\/a>&#8230; I ara podem pensar que hem perdut un dels ling\u00fcistes m\u00e9s l\u00facids i faeners que ten\u00edem. I ara entenc els seus successius comiats, l&#8217;\u00faltima classe, l&#8217;\u00faltim article&#8230; Em pensava que volia desemboirar-se. Crec que deu ser aix\u00f2.<\/p>\n<p>Fins que torne, ha estat una sort que mos haja deixat la seua obra, un treball imprescindible que haurem de saber llegir, rellegir i augmentar, si \u00e9s que volem pensar que mos el mereixem. Tal com li va dir a Josep Ruaix i Vinyet el 29 de novembre del 2007, en una correspond\u00e8ncia que compart\u00ed amb Narc\u00eds Garolera i, molt generosament, amb mi: \u00abgr\u00e0cies, noi\u00bb.<\/p>\n","protected":false},"excerpt":{"rendered":"<p>Encara esperava jo poder intercanviar molts comentaris i rebre indicacions i dades per a completar o esmenar les fitxes de la CDLPV, perqu\u00e8 entre els destinataris m\u00e9s i&#320;lustres i sabuts que les reben amb paci\u00e8ncia i que, de tant en tant, em permeten exposar-hi els seus coneixements, hi ha Joan Sol\u00e0 Cortassa. Les rebia, m&#8217;ho [&hellip;]<\/p>\n","protected":false},"author":2,"featured_media":0,"comment_status":"open","ping_status":"open","sticky":false,"template":"","format":"standard","meta":{"footnotes":""},"categories":[2,6,10,1,17,27],"tags":[331],"class_list":["post-1819","post","type-post","status-publish","format-standard","hentry","category-comunicacio","category-eines-de-llengua","category-formacio","category-general","category-normativa","category-sociolinguistica","tag-obituari"],"_links":{"self":[{"href":"https:\/\/www.cdlpv.org\/dtl\/wp-json\/wp\/v2\/posts\/1819","targetHints":{"allow":["GET"]}}],"collection":[{"href":"https:\/\/www.cdlpv.org\/dtl\/wp-json\/wp\/v2\/posts"}],"about":[{"href":"https:\/\/www.cdlpv.org\/dtl\/wp-json\/wp\/v2\/types\/post"}],"author":[{"embeddable":true,"href":"https:\/\/www.cdlpv.org\/dtl\/wp-json\/wp\/v2\/users\/2"}],"replies":[{"embeddable":true,"href":"https:\/\/www.cdlpv.org\/dtl\/wp-json\/wp\/v2\/comments?post=1819"}],"version-history":[{"count":0,"href":"https:\/\/www.cdlpv.org\/dtl\/wp-json\/wp\/v2\/posts\/1819\/revisions"}],"wp:attachment":[{"href":"https:\/\/www.cdlpv.org\/dtl\/wp-json\/wp\/v2\/media?parent=1819"}],"wp:term":[{"taxonomy":"category","embeddable":true,"href":"https:\/\/www.cdlpv.org\/dtl\/wp-json\/wp\/v2\/categories?post=1819"},{"taxonomy":"post_tag","embeddable":true,"href":"https:\/\/www.cdlpv.org\/dtl\/wp-json\/wp\/v2\/tags?post=1819"}],"curies":[{"name":"wp","href":"https:\/\/api.w.org\/{rel}","templated":true}]}}