{"id":1815,"date":"2010-10-25T09:16:27","date_gmt":"2010-10-25T08:16:27","guid":{"rendered":"http:\/\/www.cdlpv.org\/dtl\/?p=1815"},"modified":"2010-10-25T09:16:27","modified_gmt":"2010-10-25T08:16:27","slug":"conferencia-disidor-mari-a-palma-mallorca","status":"publish","type":"post","link":"https:\/\/www.cdlpv.org\/dtl\/2010\/10\/25\/conferencia-disidor-mari-a-palma-mallorca\/","title":{"rendered":"Confer\u00e8ncia d&#8217;Isidor Mar\u00ed a Palma (Mallorca)"},"content":{"rendered":"<p>Magdalena Ramon ens envia a trav\u00e9s d&#8217;Infoz\u00e8fir la informaci\u00f3 seg\u00fcent:<\/p>\n<blockquote>\n<h2>Confer\u00e8ncia d&#8217;Isidor Mar\u00ed: \u00abLes prioritats de la Secci\u00f3 Filol\u00f2gica\u00bb<\/h2>\n<p><strong>Data:<\/strong> dijous 28 d&#8217;octubre<br \/>\n<strong>Hora:<\/strong> a les 19.30 h<br \/>\n<strong>Lloc:<\/strong> a la seu de l&#8217;Institut d&#8217;Estudis Catalans: c\/ de la Protectora, 10, Palma\n<\/p><\/blockquote>\n","protected":false},"excerpt":{"rendered":"<p>Magdalena Ramon ens envia a trav\u00e9s d&#8217;Infoz\u00e8fir la informaci\u00f3 seg\u00fcent: Confer\u00e8ncia d&#8217;Isidor Mar\u00ed: \u00abLes prioritats de la Secci\u00f3 Filol\u00f2gica\u00bb Data: dijous 28 d&#8217;octubre Hora: a les 19.30 h Lloc: a la seu de l&#8217;Institut d&#8217;Estudis Catalans: c\/ de la Protectora, 10, Palma<\/p>\n","protected":false},"author":2,"featured_media":0,"comment_status":"open","ping_status":"open","sticky":false,"template":"","format":"standard","meta":{"footnotes":""},"categories":[2,1,46],"tags":[298],"class_list":["post-1815","post","type-post","status-publish","format-standard","hentry","category-comunicacio","category-general","category-iec","tag-mallorca"],"_links":{"self":[{"href":"https:\/\/www.cdlpv.org\/dtl\/wp-json\/wp\/v2\/posts\/1815","targetHints":{"allow":["GET"]}}],"collection":[{"href":"https:\/\/www.cdlpv.org\/dtl\/wp-json\/wp\/v2\/posts"}],"about":[{"href":"https:\/\/www.cdlpv.org\/dtl\/wp-json\/wp\/v2\/types\/post"}],"author":[{"embeddable":true,"href":"https:\/\/www.cdlpv.org\/dtl\/wp-json\/wp\/v2\/users\/2"}],"replies":[{"embeddable":true,"href":"https:\/\/www.cdlpv.org\/dtl\/wp-json\/wp\/v2\/comments?post=1815"}],"version-history":[{"count":0,"href":"https:\/\/www.cdlpv.org\/dtl\/wp-json\/wp\/v2\/posts\/1815\/revisions"}],"wp:attachment":[{"href":"https:\/\/www.cdlpv.org\/dtl\/wp-json\/wp\/v2\/media?parent=1815"}],"wp:term":[{"taxonomy":"category","embeddable":true,"href":"https:\/\/www.cdlpv.org\/dtl\/wp-json\/wp\/v2\/categories?post=1815"},{"taxonomy":"post_tag","embeddable":true,"href":"https:\/\/www.cdlpv.org\/dtl\/wp-json\/wp\/v2\/tags?post=1815"}],"curies":[{"name":"wp","href":"https:\/\/api.w.org\/{rel}","templated":true}]}}