{"id":181,"date":"2007-09-14T19:53:50","date_gmt":"2007-09-14T18:53:50","guid":{"rendered":"http:\/\/www.cdlpv.org\/dtl\/?p=181"},"modified":"2007-09-14T19:53:50","modified_gmt":"2007-09-14T18:53:50","slug":"font-de-mora-turon-torna-a-traure-la-llengua","status":"publish","type":"post","link":"https:\/\/www.cdlpv.org\/dtl\/2007\/09\/14\/font-de-mora-turon-torna-a-traure-la-llengua\/","title":{"rendered":"Font de Mora Tur\u00f3n torna a traure la llengua"},"content":{"rendered":"<p><a title=\"Font de Mora \u00e9s el de la llengua de la dreta.\"><img decoding=\"async\" id=\"image144\" alt=\"gpons-fonttrauenlallengua.jpg\" src=\"http:\/\/www.cdlpv.org\/dtl\/wp-content\/gpons-fonttrauenlallengua.miniatura.jpg\" align=\"right\" \/><\/a><br \/>\nSeguint amb la m\u00e0xima que la realitat no et xafe un bon titular, el conseller Font de Mora fa titulars, per\u00f2 no millora la realitat. Certament, l&#8217;alegria \u00e9s seua, no sabem si pel titular o, al capdavall, per la realitat, en qu\u00e8 les dades no deixen de mostrar la minoritzaci\u00f3 del valenci\u00e0. El pesar \u00e9s, doncs, nostre \u00fanicament. I l&#8217;esfor\u00e7 perqu\u00e8 la realitat supere les pat\u00e8tiques xifres amb qu\u00e8 tant gaudix Font de Mora, \u00e9s de tota la ciutadania valenciana que realment \u00abtrau\u00bb la llengua en la seua vida di\u00e0ria \u2014a pesar que li la traguen m\u00e9s del que hauria de ser democr\u00e0ticament esperable des de les poltrones p\u00fabliques.<\/p>\n<p>Com que no ens hem aclarit massa entre les dades que diuen que ha dit Font de Mora (Conxa G\u00f3mez i Vicent Satorres) en <em><a href=\"http:\/\/www.vilaweb.cat\/www\/ep\/noticia?noticia=2551154\" target=\"_blank\">Vilaweb<\/a>, <a href=\"http:\/\/www.elpais.com\/articulo\/Comunidad\/Valenciana\/proporcion\/alumnos\/estudia\/valenciano\/cae\/puntos\/elpepuespval\/20070914elpval_10\/Tes\" target=\"_blank\">El Pa\u00eds<\/a><\/em> i <em><a href=\"http:\/\/www.levante-emv.com\/secciones\/noticia.jsp?pRef=3656_19_344180__COMUNITAT-VALENCIANA-conocimiento-lengua-propia-baja-Valencia-inmigracion-pero-crece\" target=\"_blank\">Levante<\/a><\/em>, hem refet els quadres, per poder vore-ho tot m\u00e9s clar.<\/p>\n<p>Amb tot, cal dir que les dades period\u00edstiques i les de les enquestes reals no ens quadren, ja que en el cas de la comparativa amb l&#8217;any 1993, les dades de les amistats, desconeguts, comer\u00e7 i grans superf\u00edcies no corresponen als que parlen en valenci\u00e0 en 1993, sin\u00f3 al que parlen les dos lleng\u00fces indistintament.<\/p>\n<p>Finalment, i abans de passar a les dades, no volem oblidar un \u00faltim comentari de \u00abgran profunditat\u00bb humana i racional (podeu llegir-ho unint la conjunci\u00f3 al substantiu):<\/p>\n<blockquote><p>En este sentit, ha criticat que Catalunya \u00absembla que vol imposar\u00bb la llengua al pati del col\u00b7legi i ha afegit que \u00abcom jo em vaig quedar tan cremat quan en el franquisme no em deixaven parlar valenci\u00e0 al pati del col\u00b7legi, no vull ni pensar en mesures d&#8217;este tipus\u00bb. Segons la seua opini\u00f3, \u00absense estes actuacions impositives\u00bb i \u00absense encotillar la vida d&#8217;una persona, es pot arribar als mateixos objectius, que al final, s\u00f3n de respecte i extensi\u00f3 de la llengua\u00bb, ha acabat.<\/p><\/blockquote>\n<p>\u00c9s a dir, que troba l&#8217;ocasi\u00f3 de \u00abpreocupar-se\u00bb per un fet que desconeix \u2014li \u00absembla\u00bb\u2014 i que sabem que nom\u00e9s respon a l&#8217;estrat\u00e8gia d&#8217;alimentar la fantasia <em>pepera<\/em>, tal com feia el <span class=\"versaleta\">no-do<\/span> quan el franquisme, com ell tamb\u00e9 deu recordar. En canvi, no troba raons per a comentar les agressions als drets ling\u00fc\u00edstics documentades que s&#8217;esdevenen amb alguns policies municipals de Val\u00e8ncia, amb alguns membres de la Gu\u00e0rdia Civil a Ondara&#8230; Per exemple, quan un director general de l&#8217;administraci\u00f3 del Consell no at\u00e9n en valenci\u00e0 [<span class=\"http:\/\/www.cdlpv.org\/dtl\/?p=173\">dtl<\/span>] \u2014esta, potser no la sap, perqu\u00e8 no l&#8217;hem registrada com a den\u00fancia, per\u00f2 el cas \u00e9s que \u00e9s real\u2014: seria una imposici\u00f3 \u00bfo nom\u00e9s hi ha imposici\u00f3 \u00e9s depenent de la llengua i no dels drets dels ciutadans? Passem a les dades:<\/p>\n<h2>Enquesta de la ciutat de Val\u00e8ncia 1993-2006 (1.111 persones, desembre 2006)<\/h2>\n<h3>Dades totals de l&#8217;alumnat de Val\u00e8ncia: Consell escolar municipal (informe d&#8217;escolaritzaci\u00f3 2005-2006 &#8211; PSOE Val\u00e8ncia)<\/h3>\n<h5>Elaboraci\u00f3: Boronat Cogollos, a partir dels mitjans esmentats i d&#8217;acord <a href=\"http:\/\/www.cdlpv.org\/dtl\/?p=165\" target=\"_blank\">dades anteriors<\/a>.<\/h5>\n<table border=\"1\" cellspacing=\"2\" cellpadding=\"3\" align=\"center\">\n<tbody>\n<tr>\n<th>2006<\/th>\n<td><\/td>\n<td><\/td>\n<\/tr>\n<tr>\n<td>Alumnat total<\/td>\n<td>89.280<\/td>\n<td><\/td>\n<\/tr>\n<tr>\n<td>Alumnat en valenci\u00e0<\/td>\n<td>12.946<\/td>\n<td><\/td>\n<\/tr>\n<tr>\n<td><\/td>\n<td>Percentatge<\/td>\n<td>14,5<\/td>\n<\/tr>\n<tr>\n<td>ESO<\/td>\n<td>3.433<\/td>\n<td><\/td>\n<\/tr>\n<tr>\n<td>Percentatge (sobre l&#8217;alumnat en valenci\u00e0)<\/td>\n<td>26,5<\/td>\n<td><\/td>\n<\/tr>\n<tr>\n<td>Alumnat PV<\/td>\n<td>719.419<\/td>\n<td><\/td>\n<\/tr>\n<tr>\n<td>Alumnat en valenci\u00e0<\/td>\n<td>169.853<\/td>\n<td><\/td>\n<\/tr>\n<tr>\n<td><\/td>\n<td>Percentatge<\/td>\n<td>23,5<\/td>\n<\/tr>\n<\/tbody>\n<\/table>\n<hr noshade=\"noshade\" \/>\n<table border=\"1\" cellspacing=\"2\" cellpadding=\"3\" align=\"center\">\n<tbody>\n<tr>\n<th>Percentatges<\/th>\n<th><a href=\"http:\/\/www.cult.gva.es\/sies\/val_9302.htm\" target=\"_blank\">1993<\/a><\/th>\n<th>2006<\/th>\n<\/tr>\n<tr>\n<td>ent\u00e9n<\/td>\n<td>89,7<\/td>\n<td>79,9<\/td>\n<\/tr>\n<tr>\n<td>sap parlar<\/td>\n<td>54,4<\/td>\n<td>56,3<\/td>\n<\/tr>\n<tr>\n<td>sap llegir<\/td>\n<td>48,1<\/td>\n<td>57,5<\/td>\n<\/tr>\n<tr>\n<td>sap escriure<\/td>\n<td>18<\/td>\n<td>40,3<\/td>\n<\/tr>\n<tr>\n<td>parla a casa<\/td>\n<td>15<\/td>\n<td>17,1<\/td>\n<\/tr>\n<tr>\n<td>\u2192 en espanyol<\/td>\n<td>60,5<\/td>\n<td>72,5<\/td>\n<\/tr>\n<tr>\n<td>\u2192 indistintament<\/td>\n<td>6,1<\/td>\n<td>10,4<\/td>\n<\/tr>\n<tr>\n<td>amb amistats<\/td>\n<td>13,4*<\/td>\n<td>18,1<\/td>\n<\/tr>\n<tr>\n<td>amb desconeguts<\/td>\n<td>12,2*<\/td>\n<td>21,2<\/td>\n<\/tr>\n<tr>\n<td>al comer\u00e7<\/td>\n<td>10,3*<\/td>\n<td>21,2<\/td>\n<\/tr>\n<tr>\n<td>a les grans superf\u00edcies<\/td>\n<td>8,7*<\/td>\n<td>19,3<\/td>\n<\/tr>\n<tr>\n<td>a la faena<\/td>\n<td>58,06**<\/td>\n<td>64,1<\/td>\n<\/tr>\n<tr>\n<td>Veu normal el valenci\u00e0<\/td>\n<td>30,4<\/td>\n<td>42<\/td>\n<\/tr>\n<tr>\n<td colspan=\"3\"><span class=\"nota\">* Indistintament. Suposem que les dades del 2006 responen tamb\u00e9 a eixa modalitat.<\/span><\/td>\n<\/tr>\n<tr>\n<td colspan=\"3\"><span class=\"nota\">** Sempre en espanyol. Suposem que la dada del 2006 respon tamb\u00e9 a eixa modalitat.<\/span><\/td>\n<\/tr>\n<\/tbody>\n<\/table>\n<hr noshade=\"noshade\" \/>\n<table border=\"1\" cellspacing=\"2\" cellpadding=\"3\" align=\"center\">\n<tbody>\n<tr>\n<td>Entre 15-24 anys<\/td>\n<\/tr>\n<tr>\n<td>(Val\u00e8ncia)<\/td>\n<td>any 2006<\/td>\n<\/tr>\n<tr>\n<td>ent\u00e9n<\/td>\n<td>88,5<\/td>\n<\/tr>\n<tr>\n<td>sap parlar<\/td>\n<td>75<\/td>\n<\/tr>\n<tr>\n<td>sap llegir<\/td>\n<td>86<\/td>\n<\/tr>\n<tr>\n<td>sap escriure<\/td>\n<td>75<\/td>\n<\/tr>\n<tr>\n<td>Pa\u00eds Valenci\u00e0<\/td>\n<td>any 2005<\/td>\n<\/tr>\n<tr>\n<td>ent\u00e9n<\/td>\n<td>96,2<\/td>\n<\/tr>\n<tr>\n<td>sap parlar<\/td>\n<td>84<\/td>\n<\/tr>\n<tr>\n<td>sap llegir<\/td>\n<td>88<\/td>\n<\/tr>\n<tr>\n<td>sap escriure<\/td>\n<td>78<\/td>\n<\/tr>\n<\/tbody>\n<\/table>\n","protected":false},"excerpt":{"rendered":"<p>Seguint amb la m\u00e0xima que la realitat no et xafe un bon titular, el conseller Font de Mora fa titulars, per\u00f2 no millora la realitat. Certament, l&#8217;alegria \u00e9s seua, no sabem si pel titular o, al capdavall, per la realitat, en qu\u00e8 les dades no deixen de mostrar la minoritzaci\u00f3 del valenci\u00e0. El pesar \u00e9s, [&hellip;]<\/p>\n","protected":false},"author":2,"featured_media":0,"comment_status":"open","ping_status":"open","sticky":false,"template":"","format":"standard","meta":{"footnotes":""},"categories":[2,45,1,47,19,24],"tags":[177],"class_list":["post-181","post","type-post","status-publish","format-standard","hentry","category-comunicacio","category-ensenyament","category-general","category-planificacio","category-politica","category-requisit-linguistic","tag-enquestes"],"_links":{"self":[{"href":"https:\/\/www.cdlpv.org\/dtl\/wp-json\/wp\/v2\/posts\/181","targetHints":{"allow":["GET"]}}],"collection":[{"href":"https:\/\/www.cdlpv.org\/dtl\/wp-json\/wp\/v2\/posts"}],"about":[{"href":"https:\/\/www.cdlpv.org\/dtl\/wp-json\/wp\/v2\/types\/post"}],"author":[{"embeddable":true,"href":"https:\/\/www.cdlpv.org\/dtl\/wp-json\/wp\/v2\/users\/2"}],"replies":[{"embeddable":true,"href":"https:\/\/www.cdlpv.org\/dtl\/wp-json\/wp\/v2\/comments?post=181"}],"version-history":[{"count":0,"href":"https:\/\/www.cdlpv.org\/dtl\/wp-json\/wp\/v2\/posts\/181\/revisions"}],"wp:attachment":[{"href":"https:\/\/www.cdlpv.org\/dtl\/wp-json\/wp\/v2\/media?parent=181"}],"wp:term":[{"taxonomy":"category","embeddable":true,"href":"https:\/\/www.cdlpv.org\/dtl\/wp-json\/wp\/v2\/categories?post=181"},{"taxonomy":"post_tag","embeddable":true,"href":"https:\/\/www.cdlpv.org\/dtl\/wp-json\/wp\/v2\/tags?post=181"}],"curies":[{"name":"wp","href":"https:\/\/api.w.org\/{rel}","templated":true}]}}