{"id":1803,"date":"2010-10-20T11:35:02","date_gmt":"2010-10-20T10:35:02","guid":{"rendered":"http:\/\/www.cdlpv.org\/dtl\/?p=1803"},"modified":"2010-10-20T11:35:02","modified_gmt":"2010-10-20T10:35:02","slug":"tfv-segona-jornada-sobre-el-valencia","status":"publish","type":"post","link":"https:\/\/www.cdlpv.org\/dtl\/2010\/10\/20\/tfv-segona-jornada-sobre-el-valencia\/","title":{"rendered":"TFV: segona jornada sobre el valenci\u00e0"},"content":{"rendered":"<blockquote>\n<h3>Taula de Filologia Valenciana convoca la \u00abII Jornada sobre el valenci\u00e0. Pedagogia (llengua i literatura), \u00fas social i normativa\u00bb<\/p>\n<p><strong>Dia:<\/strong> dissante 23 d\u2019octubre<br \/>\n<strong>Lloc:<\/strong> Sal\u00f3 Daurat del Cercle Alzireny (la Gallera), carrer de les Escoles Pies, enfront de la Casa de la Cultura, Alzira. <\/p>\n<p>Pot assistir a la jornada qualsevol persona que tinga inter\u00e9s pels temes tractats.<\/h3>\n<ul>\n<li>De 9.30 a 10 hores<br \/>\nRecepci\u00f3 dels assistents i inscripci\u00f3 al dinar.<\/p>\n<li>A les 10 hores<br \/>\nInauguraci\u00f3 de l\u2019acte i lliurament dels premis.<br \/>\nIntervindran: un representant de Taula de Filologia Valenciana, l\u2019alcaldessa d\u2019Alzira, el regidor de Cultura de l\u2019Ajuntament d\u2019Alzira, i un representat de les entitats que subvencionen els premis de Joaquim Garcia Girona (l\u2019Acad\u00e8mia valenciana de la Llengua) i Jordi Valor (Caixa Popular). <\/p>\n<li>A les 11 hores<br \/>\nPresident: Josep \u00c0. Mas (Universitat Polit\u00e8cnica de Val\u00e8ncia)<\/p>\n<ul>\n<li>Diego G\u00f3mez (Escola Valenciana). \u00abL\u2019oficina dels drets ling\u00fc\u00edstics de l\u2019Escola Valenciana\u00bb.\n<li>Carla Gonz\u00e1lez (Universitat Aut\u00f2noma de Barcelona) \u00abInternet: una oportunitat per a les lleng\u00fces minoritzades. El valenci\u00e0 en els mitjans de comunicaci\u00f3 en l\u00ednia\u00bb.\n<li>Germ\u00e0 Llorca (Universitat de Val\u00e8ncia) \u00abLa comunicaci\u00f3 digital d\u2019\u00e0mbit comarcal en valenci\u00e0\u00bb.\n<\/ul>\n<li>A les 12 hores<br \/>\nPresident: Manuel Sifre (Universitat Jaume I)<\/p>\n<ul>\n<li>\u00c0ngel Calpe (Acad\u00e8mia Valenciana de la Llengua) \u00abPresentaci\u00f3 del llibre de Josep Saborit Millorem la pron\u00fancia\u00bb.\n<li>J. Leonardo Gim\u00e9nez (t\u00e8cnic ling\u00fc\u00edstic de l\u2019Ajuntament d\u2019Alzira) \u00abVerinosa normativa. Els est\u00e0ndards aut\u00f2noms i Albert Pla Nualart\u00bb.\n<li>Vicent Moreno Gim\u00e9nez (doctor en comunicaci\u00f3 audiovisual) \u00abUna manera nova de crear consci\u00e8ncia valenciana\u00bb.\n<li>Albert Pla Nualart (excorrector del peri\u00f2dic Avui i autor del llibre Aix\u00f2 del catal\u00e0. Podem fer-ho m\u00e9s f\u00e0cil?) \u00abL&#8217;est\u00e0ndard \u00fanic sense unitat pol\u00edtica o el carro davant dels bous\u00bb.\n<\/ul>\n<li>A les 13 hores<br \/>\nPresident: Artur Ahuir (Acad\u00e8mia Valenciana de la Llengua)<\/p>\n<ul>\n<li>Enric-Miquel Casado (mestre) \u00abD&#8217;un \u2032ensayo\u2032 a un \u2032 Assaig fet en regla\u2032.  \u00bfCorregir a Josep Bernat i Baldov\u00ed?\u00bb.\n<li>Gon\u00e7al L\u00f3pez-Pampl\u00f3 (Universitat de Val\u00e8ncia) \u00abLa poesia de Carles Salvador en l\u2019ensenyament mitj\u00e0\u00bb.\n<li> Jes\u00fas Mart\u00ednez Vargas (IES Andreu Sempere. Alcoi; Universitat d\u2019Alacant) i Rosa Ana Valls Campillo (CP Miguel Hern\u00e1ndez, Alcoi) \u00abExperi\u00e8ncia de disseny i aplicaci\u00f3 d\u2019una unitat tem\u00e0tica TILC sobre m\u00fasiques del m\u00f3n en secund\u00e0ria\u00bb.\n<\/ul>\n<li>A les 14 hores<br \/>\nDinar a la Gallera<\/p>\n<li>A les 16.30 hores<br \/>\nAssemblea dels membres de Taula de Filologia Valenciana.<\/p>\n<li>A les 17 hores<br \/>\nPresident: Honorat Resurrecci\u00f3n Ros (professor d\u2019institut jubilat)<\/p>\n<ul>\n<li>Mar\u00eda del Carmen Alonso (Universidad Abierta Interamericana, Buenos Aires) \u00abEntidades valencianas y catalanas en Buenos Aires\u00bb.\n<li>Immaculada Cerd\u00e0 (t\u00e8cnica ling\u00fc\u00edstica de la Diputaci\u00f3 de Val\u00e8ncia) \u00abAprendre llengua amb les TIC: Web 2.0 i aprenentatge compartit\u00bb.\n<li>Abelard Saragoss\u00e0 (Universitat de Val\u00e8ncia) \u00abMas (2008): Aportacions sociol\u00f2giques, ling\u00fc\u00edstiques i pol\u00edtiques\u00bb.\n<\/ul>\n<li>A les 18 hores<br \/>\nPresident: Ximo L\u00f3pez (Universitat de Val\u00e8ncia)<\/p>\n<ul>\n<li>Al\u00edcia Mart\u00ed (professora d\u2019institut i de l\u2019Escola de Magisteri de Val\u00e8ncia) \u00abLa terminologia ling\u00fc\u00edstica en l\u2019ensenyament mitj\u00e0\u00bb.\n<li>Alexandre Ordaz (professor d\u2019institut) \u00abEls pronoms febles en l\u2019ensenyament mitj\u00e0\u00bb.\n<li>Antoni Rubio Reverter (llicenciat en periodisme i en filologia catalana; opinador en L\u2019informatiu) \u00abLes preposicions per i per a. Com definir una paraula\u00bb.\n<li>Pura Santacreu Berenguer (IES Rei En Jaume, Alzira) \u00abEstudiar llengua amb literatura\u00bb.<\/blockquote>\n<\/ul>\n<\/ul>\n","protected":false},"excerpt":{"rendered":"<p>Taula de Filologia Valenciana convoca la \u00abII Jornada sobre el valenci\u00e0. Pedagogia (llengua i literatura), \u00fas social i normativa\u00bb Dia: dissante 23 d\u2019octubre Lloc: Sal\u00f3 Daurat del Cercle Alzireny (la Gallera), carrer de les Escoles Pies, enfront de la Casa de la Cultura, Alzira. Pot assistir a la jornada qualsevol persona que tinga inter\u00e9s pels [&hellip;]<\/p>\n","protected":false},"author":2,"featured_media":0,"comment_status":"open","ping_status":"open","sticky":false,"template":"","format":"standard","meta":{"footnotes":""},"categories":[2,10,27],"tags":[258,472],"class_list":["post-1803","post","type-post","status-publish","format-standard","hentry","category-comunicacio","category-formacio","category-sociolinguistica","tag-jornades","tag-tfv"],"_links":{"self":[{"href":"https:\/\/www.cdlpv.org\/dtl\/wp-json\/wp\/v2\/posts\/1803","targetHints":{"allow":["GET"]}}],"collection":[{"href":"https:\/\/www.cdlpv.org\/dtl\/wp-json\/wp\/v2\/posts"}],"about":[{"href":"https:\/\/www.cdlpv.org\/dtl\/wp-json\/wp\/v2\/types\/post"}],"author":[{"embeddable":true,"href":"https:\/\/www.cdlpv.org\/dtl\/wp-json\/wp\/v2\/users\/2"}],"replies":[{"embeddable":true,"href":"https:\/\/www.cdlpv.org\/dtl\/wp-json\/wp\/v2\/comments?post=1803"}],"version-history":[{"count":0,"href":"https:\/\/www.cdlpv.org\/dtl\/wp-json\/wp\/v2\/posts\/1803\/revisions"}],"wp:attachment":[{"href":"https:\/\/www.cdlpv.org\/dtl\/wp-json\/wp\/v2\/media?parent=1803"}],"wp:term":[{"taxonomy":"category","embeddable":true,"href":"https:\/\/www.cdlpv.org\/dtl\/wp-json\/wp\/v2\/categories?post=1803"},{"taxonomy":"post_tag","embeddable":true,"href":"https:\/\/www.cdlpv.org\/dtl\/wp-json\/wp\/v2\/tags?post=1803"}],"curies":[{"name":"wp","href":"https:\/\/api.w.org\/{rel}","templated":true}]}}