{"id":180,"date":"2007-09-13T13:52:04","date_gmt":"2007-09-13T12:52:04","guid":{"rendered":"http:\/\/www.cdlpv.org\/dtl\/?p=180"},"modified":"2007-09-13T13:52:04","modified_gmt":"2007-09-13T12:52:04","slug":"nou-servei-linguistic-a-benissa","status":"publish","type":"post","link":"https:\/\/www.cdlpv.org\/dtl\/2007\/09\/13\/nou-servei-linguistic-a-benissa\/","title":{"rendered":"Nou servei ling\u00fc\u00edstic a Benissa"},"content":{"rendered":"<p>Informa la publicaci\u00f3 <em>Canfali &#8211; Marina Alta<\/em> (<a href=\"http:\/\/www.canfalimarinaalta.es\/default.asp?resol=s8&#038;link_directo=noticia&#038;id_noticia=14269\" target=\"_blank\">13.09.2007<\/a>) que hi ha un nou servei ling\u00fc\u00edstic a Benissa. Esperem que el nou servei tinga continu\u00eftat, mitjans (i estabilitat laboral) i \u00e8xit.<\/p>\n<blockquote>\n<h2>Entra en funcionament la nova oficina de promoci\u00f3 de l\u2019\u00fas del valenci\u00e0 de Benissa<\/h2>\n<h5>13.09.2007<\/h5>\n<p>El regidor de Normalitzaci\u00f3 Ling\u00fc\u00edstica, Xavi Tro, ha anunciat la posada en funcionament d\u2019una oficina de promoci\u00f3 de l\u2019\u00fas del valenci\u00e0. Este nou servei est\u00e0 ubicat al Centre Cultural i at\u00e9n els ciutadans de dilluns a divendres, en horari de 9 a 14 hores. Es tracta d\u2019un dels compromisos adquirits pel CIBE-BLOC arran d\u2019acceptar l\u2019oferiment de l\u2019alcalde, Juan Bautista Rosell\u00f3, de gestionar esta \u00e0rea de la gesti\u00f3 municipal. Una Regidoria, per cert, creada en l\u2019anterior legislatura per\u00f2 que no havia tingut cap operativitat fins ara. Un inici dur perqu\u00e8, de fet, no hi ha consignaci\u00f3 pressupost\u00e0ria. La creaci\u00f3 d\u2019esta nova oficina \u00e9s el primer pas a fi d\u2019aconseguir subvencions i ajudes per dur endavant la tasca encomanada.<\/p>\n<p>Este nou servei naix amb la intenci\u00f3 de fomentar la llengua valenciana tant a nivell intern, amb la redacci\u00f3 dels documents oficials en valenci\u00e0, com extern, ja que est\u00e0 a l\u2019abast de tots els ciutadans que ho necessiten. De fet, entre les seues funcions est\u00e0 ajudar en la correcci\u00f3 i traducci\u00f3 de textos, donar informaci\u00f3 sobre els cursos de valenci\u00e0 i sobre les convocat\u00f2ries de la Junta Qualificadora de Coneixements del Valenci\u00e0 i assessorar en tot all\u00f2 relacionat amb material bibliogr\u00e0fic especialitzat i dels recursos ling\u00fc\u00edstics disponibles en Internet.\n<\/p><\/blockquote>\n","protected":false},"excerpt":{"rendered":"<p>Informa la publicaci\u00f3 Canfali &#8211; Marina Alta (13.09.2007) que hi ha un nou servei ling\u00fc\u00edstic a Benissa. Esperem que el nou servei tinga continu\u00eftat, mitjans (i estabilitat laboral) i \u00e8xit. Entra en funcionament la nova oficina de promoci\u00f3 de l\u2019\u00fas del valenci\u00e0 de Benissa 13.09.2007 El regidor de Normalitzaci\u00f3 Ling\u00fc\u00edstica, Xavi Tro, ha anunciat la [&hellip;]<\/p>\n","protected":false},"author":2,"featured_media":0,"comment_status":"open","ping_status":"open","sticky":false,"template":"","format":"standard","meta":{"footnotes":""},"categories":[1,47,19,26],"tags":[],"class_list":["post-180","post","type-post","status-publish","format-standard","hentry","category-general","category-planificacio","category-politica","category-serveis-linguistics"],"_links":{"self":[{"href":"https:\/\/www.cdlpv.org\/dtl\/wp-json\/wp\/v2\/posts\/180","targetHints":{"allow":["GET"]}}],"collection":[{"href":"https:\/\/www.cdlpv.org\/dtl\/wp-json\/wp\/v2\/posts"}],"about":[{"href":"https:\/\/www.cdlpv.org\/dtl\/wp-json\/wp\/v2\/types\/post"}],"author":[{"embeddable":true,"href":"https:\/\/www.cdlpv.org\/dtl\/wp-json\/wp\/v2\/users\/2"}],"replies":[{"embeddable":true,"href":"https:\/\/www.cdlpv.org\/dtl\/wp-json\/wp\/v2\/comments?post=180"}],"version-history":[{"count":0,"href":"https:\/\/www.cdlpv.org\/dtl\/wp-json\/wp\/v2\/posts\/180\/revisions"}],"wp:attachment":[{"href":"https:\/\/www.cdlpv.org\/dtl\/wp-json\/wp\/v2\/media?parent=180"}],"wp:term":[{"taxonomy":"category","embeddable":true,"href":"https:\/\/www.cdlpv.org\/dtl\/wp-json\/wp\/v2\/categories?post=180"},{"taxonomy":"post_tag","embeddable":true,"href":"https:\/\/www.cdlpv.org\/dtl\/wp-json\/wp\/v2\/tags?post=180"}],"curies":[{"name":"wp","href":"https:\/\/api.w.org\/{rel}","templated":true}]}}