{"id":1798,"date":"2010-10-15T11:40:17","date_gmt":"2010-10-15T10:40:17","guid":{"rendered":"http:\/\/www.cdlpv.org\/dtl\/?p=1798"},"modified":"2010-10-15T11:40:17","modified_gmt":"2010-10-15T10:40:17","slug":"crida-darticles-per-a-llengua-societat-i-comunicacio","status":"publish","type":"post","link":"https:\/\/www.cdlpv.org\/dtl\/2010\/10\/15\/crida-darticles-per-a-llengua-societat-i-comunicacio\/","title":{"rendered":"Crida d&#8217;articles per a Llengua, Societat i Comunicaci\u00f3"},"content":{"rendered":"<p>L&#8217;Observatori <span class=\"versaleta\">cusc<\/span> &#8211; Centre Universitari de Socioling\u00fc\u00edstica i Comunicaci\u00f3 ens envia la informaci\u00f3 seg\u00fcent:<\/p>\n<blockquote>\n<h2>Crida d\u2019articles &#8211; Revista <span class=\"versaleta\">lsc<\/span>, Llengua, Societat i Comunicaci\u00f3<\/h2>\n<p><strong>N\u00famero 9:  \u00abLing\u00fc\u00edstica forense\u00bb (2011)<\/strong><br \/>\n<em>Llengua, Societat i Comunicaci\u00f3<\/em> \u00e9s una revista electr\u00f2nica de periodicitat anual que t\u00e9 l\u2019objectiu de difondre treballs centrats en la interf\u00edcie entre llengua i societat. La proposta de la revista t\u00e9 la voluntat expressa de transferir el coneixement interdisciplinari entre llengua i societat a la comunitat cient\u00edfica i tamb\u00e9 a la societat. D\u2019aquesta manera, i at\u00e8s que l\u2019\u00e0mbit en qu\u00e8 es mou la revista \u00e9s interdisciplinari i molt sovint les \u00e0rees que s\u2019hi aborden estan incomunicades, el prop\u00f2sit central de la revista \u00e9s presentar diferents estats de la q\u00fcesti\u00f3 sobre diferents connexions entre la llengua i la societat en un sentit ampli.<\/p>\n<p>El tema previst per al proper n\u00famero de la revista \u00e9s <strong>ling\u00fc\u00edstica forense<\/strong>. La data m\u00e0xima per a la recepci\u00f3 de resums de 150 mots \u00e9s el 30 de desembre de 2010; un cop acceptats els resums (abans del 20 de gener), la data m\u00e0xima per a la recepci\u00f3 d\u2019articles \u00e9s el 20 de mar\u00e7 de 2011. Podeu enviar els resums i els articles a: <a href=\"mailto:cusc@ub.edu\" target=\"_blank\"><em>cusc@ub.edu<\/em><\/a><\/p>\n<p>Les instruccions que heu de seguir per enviar els originals les podeu trobar a la p\u00e0gina web de la revista o b\u00e9, seguint aquests enlla\u00e7os:<\/p>\n<ul>\n<li><a href=\"http:\/\/www.ub.edu\/cusc\/lsc\/colaboradors.html\" target=\"_blank\">instruccions per als autors<\/a>\n<li><a href=\"http:\/\/www.ub.edu\/cusc\/lsc\/criteris.html\" target=\"_blank\">criteris per enviar originals<\/a>\n<\/ul>\n<\/blockquote>\n","protected":false},"excerpt":{"rendered":"<p>L&#8217;Observatori cusc &#8211; Centre Universitari de Socioling\u00fc\u00edstica i Comunicaci\u00f3 ens envia la informaci\u00f3 seg\u00fcent: Crida d\u2019articles &#8211; Revista lsc, Llengua, Societat i Comunicaci\u00f3 N\u00famero 9: \u00abLing\u00fc\u00edstica forense\u00bb (2011) Llengua, Societat i Comunicaci\u00f3 \u00e9s una revista electr\u00f2nica de periodicitat anual que t\u00e9 l\u2019objectiu de difondre treballs centrats en la interf\u00edcie entre llengua i societat. La proposta [&hellip;]<\/p>\n","protected":false},"author":2,"featured_media":0,"comment_status":"open","ping_status":"open","sticky":false,"template":"","format":"standard","meta":{"footnotes":""},"categories":[2,10,1,22],"tags":[417],"class_list":["post-1798","post","type-post","status-publish","format-standard","hentry","category-comunicacio","category-formacio","category-general","category-recerca","tag-revistes"],"_links":{"self":[{"href":"https:\/\/www.cdlpv.org\/dtl\/wp-json\/wp\/v2\/posts\/1798","targetHints":{"allow":["GET"]}}],"collection":[{"href":"https:\/\/www.cdlpv.org\/dtl\/wp-json\/wp\/v2\/posts"}],"about":[{"href":"https:\/\/www.cdlpv.org\/dtl\/wp-json\/wp\/v2\/types\/post"}],"author":[{"embeddable":true,"href":"https:\/\/www.cdlpv.org\/dtl\/wp-json\/wp\/v2\/users\/2"}],"replies":[{"embeddable":true,"href":"https:\/\/www.cdlpv.org\/dtl\/wp-json\/wp\/v2\/comments?post=1798"}],"version-history":[{"count":0,"href":"https:\/\/www.cdlpv.org\/dtl\/wp-json\/wp\/v2\/posts\/1798\/revisions"}],"wp:attachment":[{"href":"https:\/\/www.cdlpv.org\/dtl\/wp-json\/wp\/v2\/media?parent=1798"}],"wp:term":[{"taxonomy":"category","embeddable":true,"href":"https:\/\/www.cdlpv.org\/dtl\/wp-json\/wp\/v2\/categories?post=1798"},{"taxonomy":"post_tag","embeddable":true,"href":"https:\/\/www.cdlpv.org\/dtl\/wp-json\/wp\/v2\/tags?post=1798"}],"curies":[{"name":"wp","href":"https:\/\/api.w.org\/{rel}","templated":true}]}}