{"id":1795,"date":"2010-10-15T08:46:15","date_gmt":"2010-10-15T07:46:15","guid":{"rendered":"http:\/\/www.cdlpv.org\/dtl\/?p=1795"},"modified":"2010-10-15T08:46:15","modified_gmt":"2010-10-15T07:46:15","slug":"flaixos-de-terminologia-i-alfabetitzacio","status":"publish","type":"post","link":"https:\/\/www.cdlpv.org\/dtl\/2010\/10\/15\/flaixos-de-terminologia-i-alfabetitzacio\/","title":{"rendered":"Flaixos de terminologia i alfabetitzaci\u00f3"},"content":{"rendered":"<p>Els <em>Flaixos d\u2019Actualitat<\/em> (<a href=\"http:\/\/www6.gencat.cat\/llengcat\/Flaixos_60\/www20.gencat.cat\/portal\/site\/Llengcat\/menuitem.08f45c9e3857090e3285bdb1b0c0e1a0\/index88fa.html\" target=\"_blank\">n\u00fam. 60<\/a>, 14.10.2010) ens envien, entre altres, les informacions seg\u00fcents:<\/p>\n<blockquote>\n<h2>La definici\u00f3 terminol\u00f2gica<\/h2>\n<p>El 5 de novembre tindr\u00e0 lloc al Termcat la sessi\u00f3 de presentaci\u00f3 dels continguts de <em>La definici\u00f3 terminol\u00f2gica,<\/em> una obra que exposa els criteris que aplica el Centre de Terminologia en la redacci\u00f3 de definicions.\n<\/p><\/blockquote>\n<p>La sessi\u00f3 ser\u00e0 a c\u00e0rrec de Joan Rebagliato, redactor de l&#8217;obra i termin\u00f2leg. Ser\u00e0 de 10:00 a 12:00 i es lliurar\u00e0 un exemplar de l&#8217;obra als assistents. Cal confirmar l&#8217;assist\u00e8ncia abans del 22 d&#8217;octubre a l&#8217;adre\u00e7a <a href=\"mailto:informacio@termcat.cat\" target=\"_blank\"><em>informacio@termcat.cat<\/em><\/a>.<\/p>\n<blockquote>\n<h2>\u00abLletres per a tothom\u00bb, un nou programa d&#8217;alfabetitzaci\u00f3 en catal\u00e0 adre\u00e7at a persones d&#8217;origen estranger<\/h2>\n<p>\u00abLletres per a tothom\u00bb \u00e9s un nou programa que t\u00e9 per m\u00e0xim objectiu promoure l\u2019alfabetitzaci\u00f3 en catal\u00e0 de persones adultes d\u2019origen estranger. Es tracta d\u2019una iniciativa del Departament d\u2019Acci\u00f3 Social i Ciutadania, la Fundaci\u00f3 La Caixa i la Federaci\u00f3 d\u2019Associacions Culturals i Educatives de Persones Adultes <span class=\"versaleta\">(facepa)<\/span>, en co&#320;laboraci\u00f3 amb el Departament d\u2019Educaci\u00f3, el Consorci per a la Normalitzaci\u00f3 Ling\u00fc\u00edstica, ens locals i entitats. <\/p>\n<p><a href=\"http:\/\/www6.gencat.cat\/llengcat\/Flaixos_60\/www20.gencat.cat\/portal\/site\/Llengcat\/menuitem.5ecc41313c6e17e295029110b0c0e1a0\/index300.html?vgnextoid=cedaaa22b7103110VgnVCM1000008d0c1e0aRCRD&#038;vgnextchannel=cedaaa22b7103110VgnVCM1000008d0c1e0aRCRD&#038;vgnextfmt=detall&#038;contentid=0af82137d8198210VgnVCM1000008d0c1e0aRCRD\" target=\"_blank\">[&#8230;]<\/a>\n<\/p><\/blockquote>\n","protected":false},"excerpt":{"rendered":"<p>Els Flaixos d\u2019Actualitat (n\u00fam. 60, 14.10.2010) ens envien, entre altres, les informacions seg\u00fcents: La definici\u00f3 terminol\u00f2gica El 5 de novembre tindr\u00e0 lloc al Termcat la sessi\u00f3 de presentaci\u00f3 dels continguts de La definici\u00f3 terminol\u00f2gica, una obra que exposa els criteris que aplica el Centre de Terminologia en la redacci\u00f3 de definicions. La sessi\u00f3 ser\u00e0 a [&hellip;]<\/p>\n","protected":false},"author":2,"featured_media":0,"comment_status":"open","ping_status":"open","sticky":false,"template":"","format":"standard","meta":{"footnotes":""},"categories":[2,10,1,30],"tags":[206],"class_list":["post-1795","post","type-post","status-publish","format-standard","hentry","category-comunicacio","category-formacio","category-general","category-terminologia","tag-flaixos-dactualitat"],"_links":{"self":[{"href":"https:\/\/www.cdlpv.org\/dtl\/wp-json\/wp\/v2\/posts\/1795","targetHints":{"allow":["GET"]}}],"collection":[{"href":"https:\/\/www.cdlpv.org\/dtl\/wp-json\/wp\/v2\/posts"}],"about":[{"href":"https:\/\/www.cdlpv.org\/dtl\/wp-json\/wp\/v2\/types\/post"}],"author":[{"embeddable":true,"href":"https:\/\/www.cdlpv.org\/dtl\/wp-json\/wp\/v2\/users\/2"}],"replies":[{"embeddable":true,"href":"https:\/\/www.cdlpv.org\/dtl\/wp-json\/wp\/v2\/comments?post=1795"}],"version-history":[{"count":0,"href":"https:\/\/www.cdlpv.org\/dtl\/wp-json\/wp\/v2\/posts\/1795\/revisions"}],"wp:attachment":[{"href":"https:\/\/www.cdlpv.org\/dtl\/wp-json\/wp\/v2\/media?parent=1795"}],"wp:term":[{"taxonomy":"category","embeddable":true,"href":"https:\/\/www.cdlpv.org\/dtl\/wp-json\/wp\/v2\/categories?post=1795"},{"taxonomy":"post_tag","embeddable":true,"href":"https:\/\/www.cdlpv.org\/dtl\/wp-json\/wp\/v2\/tags?post=1795"}],"curies":[{"name":"wp","href":"https:\/\/api.w.org\/{rel}","templated":true}]}}